{"id":1015,"date":"2024-10-17T10:00:55","date_gmt":"2024-10-17T08:00:55","guid":{"rendered":"https:\/\/www.sagesa.com\/?p=1015"},"modified":"2024-10-17T10:50:01","modified_gmt":"2024-10-17T08:50:01","slug":"temoignage-de-cecile-duranton-29-ans-export-manager-du-secteur-agroalimentaire-expatriee-en-portage-salarial-international","status":"publish","type":"post","link":"https:\/\/www.sagesa.com\/fr\/temoignage-de-cecile-duranton-29-ans-export-manager-du-secteur-agroalimentaire-expatriee-en-portage-salarial-international\/","title":{"rendered":"T\u00e9moignage de C\u00e9cile Duranton 29 ans, Export Manager du secteur agroalimentaire, expatri\u00e9e, en portage salarial international"},"content":{"rendered":"<section class=\"wpb-content-wrapper\"><p>[vc_row][vc_column][vc_column_text]Aujourd&rsquo;hui, nous vous proposons une interview portage salarial international, avec la d\u00e9couverte du profil de Cecile Duranton, export Manager, et qui a trouv\u00e9 en SAGE SA un alli\u00e9 de choix pour faciliter son expatriation en Espagne.<\/p>\n<p>&nbsp;<\/p>\n<h2><strong>Bonjour C\u00e9cile. Vous \u00eates expatri\u00e9e en Espagne sous portage salarial international. Que pouvez-vous nous dire de votre m\u00e9tier ? <\/strong><\/h2>\n<p>Ing\u00e9nieur agronome, <strong>je travaille depuis seulement 5 ans<\/strong>. Mon profil est international par choix. Au cours de mes \u00e9tudes d\u2019agronomie, j\u2019ai fait plusieurs stages en Asie et Am\u00e9rique du Sud, compl\u00e9t\u00e9s par deux ann\u00e9es de sp\u00e9cialisation au Br\u00e9sil. \u00a0Actuellement, je suis, <strong>depuis l\u2019Espagne, export manager <\/strong>(Espagne, Portugal, Maghreb) d\u2019un groupe agroalimentaire fran\u00e7ais. Je commercialise de la poudre de lait pour jeunes mammif\u00e8res, aupr\u00e8s de r\u00e9seaux de distribution travaillant avec des \u00e9leveurs. Je suis port\u00e9e \u00e0 l&rsquo;international par Sage SA et l&rsquo;ai choisi pour son appartenance au groupe <a href=\"http:\/\/www.frelance.com\">www.frelance.com<\/a>[\/vc_column_text][\/vc_column][\/vc_row][vc_row][vc_column][vc_column_text]<\/p>\n<h2><strong>Vous \u00eates jeune, et pourtant vous avez opt\u00e9 pour le portage salarial\u00a0international, finalement assez peu utilis\u00e9 (\u00e0 tort) par votre g\u00e9n\u00e9ration ? <\/strong><\/h2>\n<p>&nbsp;<\/p>\n<p>Effectivement, ce n\u2019est <strong>pas si fr\u00e9quent<\/strong>. 5 ans de carri\u00e8re dans la nutrition animale, 2 ans de <a href=\"https:\/\/www.sagesa.com\/fr\/le-portage-salarial-international\/\">portage salarial<\/a>. <strong>Le groupe pour lequel je travaille n\u2019a pas de filiale en Espagne<\/strong>. Pour l\u2019entreprise comme pour moi, le portage salarial s\u2019est av\u00e9r\u00e9 une excellente solution pour garantir \u00e0 chacun le meilleur cadre. Ce n\u2019est pas moi qui ai choisi Sage mais le groupe. En ce qui me concerne <strong>je b\u00e9n\u00e9ficie de tous les avantages du salariat<\/strong>\u00a0: retraite, ch\u00f4mage, couverture sociale, pr\u00e9voyance\u2026<\/p>\n<p>&nbsp;<\/p>\n<p>&nbsp;<\/p>\n<p><img loading=\"lazy\" decoding=\"async\" class=\"wp-image-1020 aligncenter\" src=\"https:\/\/www.sagesa.com\/wp-content\/uploads\/2021\/11\/work-300x200.webp\" alt=\"portage salarial espagne\" width=\"920\" height=\"613\" srcset=\"https:\/\/www.sagesa.com\/wp-content\/uploads\/2021\/11\/work-300x200.webp 300w, https:\/\/www.sagesa.com\/wp-content\/uploads\/2021\/11\/work-1024x683.webp 1024w, https:\/\/www.sagesa.com\/wp-content\/uploads\/2021\/11\/work-768x512.webp 768w, https:\/\/www.sagesa.com\/wp-content\/uploads\/2021\/11\/work-570x380.webp 570w, https:\/\/www.sagesa.com\/wp-content\/uploads\/2021\/11\/work-435x290.webp 435w, https:\/\/www.sagesa.com\/wp-content\/uploads\/2021\/11\/work.webp 1170w\" sizes=\"auto, (max-width: 920px) 100vw, 920px\" \/><\/p>\n<p>&nbsp;<\/p>\n<h2><strong>Concr\u00e8tement, comment se passe votre relation avec SAGE SA\u00a0? <\/strong><\/h2>\n<p>&nbsp;<\/p>\n<p>Comme je vous le disais c\u2019est la soci\u00e9t\u00e9 qui m\u2019emploie qui a identifi\u00e9 SAGE comme le meilleur service pour <strong>accompagner sa flotte d\u2019expatri\u00e9s<\/strong>, quelque soit le pays o\u00f9 chacun est bas\u00e9. <strong>Sage connait le droit international du pays<\/strong>, et adapte la solution \u00e0 la situation personnelle de chacun des expatri\u00e9s du groupe. Pour ma part j\u2019ai \u00e9t\u00e9 accompagn\u00e9e dans toutes mes <strong>d\u00e9marches administratives<\/strong> lors de mon installation en Espagne, par Edgar et Bernard. C\u2019est d\u2019un grand confort. Il y avait notamment une <strong>question complexe autour de ma carte de r\u00e9sident<\/strong>. Sage a g\u00e9r\u00e9 tout cela pour moi, et m\u2019a soulag\u00e9e de d\u00e9marches tr\u00e8s chronophages et parfois complexes, ce qui m\u2019a permis de m\u2019installer sereinement par ailleurs, et de <strong>m\u2019atteler plus rapidement \u00e0 ma mission professionnelle<\/strong>.[\/vc_column_text][\/vc_column][\/vc_row][vc_row][vc_column][vc_column_text]<\/p>\n<h2><strong>Lorsque votre entreprise vous a propos\u00e9 cette solution de portage salarial, la connaissiez-vous d\u00e9j\u00e0\u00a0? Avez-vous eu des craintes quant au fait qu\u2019elle puisse vous d\u00e9savantager ? <\/strong><\/h2>\n<p>&nbsp;<\/p>\n<p>C\u2019\u00e9tait la premi\u00e8re fois que l\u2019on me proposait cette solution. Je me suis d\u2019abord inform\u00e9e sur internet ou de nombreuses ressources permettent de bien comprendre le fonctionnement du <a href=\"https:\/\/www.sagesa.com\/fr\/le-portage-salarial-international-pour-les-nuls\/\"><strong>portage salarial international<\/strong><\/a>. Sage existe depuis plus de 30 ans, je n\u2019ai donc pas eu de doute quant \u00e0 sa fiabilit\u00e9 sur le long terme. Par ailleurs, j\u2019ai pu vite constater que les relations avec <strong>l\u2019\u00e9quipe de Sage \u00e9taient faciles, agiles<\/strong> et que la pratique \u00e9tait ma\u00eetris\u00e9e. Je n\u2019ai eu ni craintes ni stress. Au contraire, j\u2019ai plut\u00f4t eu le sentiment d\u2019une facilitation et d\u2019<strong>une interm\u00e9diation de confiance<\/strong>.<\/p>\n<p>&nbsp;<\/p>\n<p><a href=\"https:\/\/www.sagesa.com\/fr\/contactez-nous\/\"><img loading=\"lazy\" decoding=\"async\" class=\"aligncenter size-large wp-image-3089\" src=\"https:\/\/www.sagesa.com\/wp-content\/uploads\/2024\/02\/bouton-contact-1024x234.jpg\" alt=\"contacter portage salarial international\" width=\"1024\" height=\"234\" srcset=\"https:\/\/www.sagesa.com\/wp-content\/uploads\/2024\/02\/bouton-contact-1024x234.jpg 1024w, https:\/\/www.sagesa.com\/wp-content\/uploads\/2024\/02\/bouton-contact-300x68.jpg 300w, https:\/\/www.sagesa.com\/wp-content\/uploads\/2024\/02\/bouton-contact-768x175.jpg 768w, https:\/\/www.sagesa.com\/wp-content\/uploads\/2024\/02\/bouton-contact-630x144.jpg 630w, https:\/\/www.sagesa.com\/wp-content\/uploads\/2024\/02\/bouton-contact-520x119.jpg 520w, https:\/\/www.sagesa.com\/wp-content\/uploads\/2024\/02\/bouton-contact.jpg 1100w\" sizes=\"auto, (max-width: 1024px) 100vw, 1024px\" \/><\/a>[\/vc_column_text][\/vc_column][\/vc_row][vc_row][vc_column][vc_column_text]<\/p>\n<h2><strong>Quel type de contrat avez-vous mis en place\u00a0? <\/strong><\/h2>\n<p>Je suis sous <strong>contrat \u00e0 dur\u00e9e ind\u00e9termin\u00e9e<\/strong>. Les conditions de rupture sont tout ce qu\u2019il y a de plus classique (pr\u00e9avis, clause de non-concurrence, indemnit\u00e9s de rupture..).<\/p>\n<p>&nbsp;<\/p>\n<h2><strong>Nous venons de passer une p\u00e9riode complexe de crise sanitaire. Comment avez-vous g\u00e9r\u00e9 votre mission internationale dans ce contexte boulevers\u00e9\u00a0? <\/strong><\/h2>\n<p>Je dois dire qu\u2019\u00e0 de nombreux \u00e9gards <strong>tout a \u00e9t\u00e9 beaucoup plus difficile<\/strong>. J\u2019\u00e9change \u00e9norm\u00e9ment avec des \u00e9leveurs. Traiter avec eux en visio-conf\u00e9rence n\u2019a pas \u00e9t\u00e9 simple. Leur terrain d\u2019exercice n\u2019est pas vraiment adapt\u00e9 aux solutions digitales de communication. \u00a0J\u2019ai d\u00fb redoubler d\u2019effort pour maintenir mes clients, et \u00e9videmment les d\u00e9placements quant ils n\u2019\u00e9taient pas impossibles \u00e9taient compliqu\u00e9s.<\/p>\n<p>J\u2019ai par ailleurs rencontr\u00e9 de gros <strong>probl\u00e8mes logistiques<\/strong>.<\/p>\n<p>Dans un deuxi\u00e8me temps, et comme pour beaucoup d\u2019autres secteurs, l\u2019<strong>\u00e9quilibre offre\/demande a \u00e9t\u00e9 boulevers\u00e9<\/strong>. Moins de lait, moins de viande, explosion des cours des farines\u2026 j\u2019en passe.<\/p>\n<p>&nbsp;<\/p>\n<h2><strong>En temps normal quel est votre rythme de d\u00e9placement\u00a0? <\/strong><\/h2>\n<p>Depuis l\u2019Espagne, en temps normal je suis en mouvement 2 semaines et demie par mois entre le Portugal, le Maroc et l\u2019Alg\u00e9rie, et l\u2019Espagne, \u00e0 la rencontre des distributeurs, ou de leurs clients.<\/p>\n<p>&nbsp;<\/p>\n<p><strong>Merci C\u00e9cile pour ce partage d\u2019exp\u00e9rience. Nous vous souhaitons le meilleur pour la suite de votre vie professionnelle. \u00a0<\/strong><\/p>\n<p>&nbsp;<\/p>\n<p><a href=\"https:\/\/www.sagesa.com\/fr\/contactez-nous\/\"><img loading=\"lazy\" decoding=\"async\" class=\"aligncenter size-large wp-image-3089\" src=\"https:\/\/www.sagesa.com\/wp-content\/uploads\/2024\/02\/bouton-contact-1024x234.jpg\" alt=\"contacter portage salarial international\" width=\"1024\" height=\"234\" srcset=\"https:\/\/www.sagesa.com\/wp-content\/uploads\/2024\/02\/bouton-contact-1024x234.jpg 1024w, https:\/\/www.sagesa.com\/wp-content\/uploads\/2024\/02\/bouton-contact-300x68.jpg 300w, https:\/\/www.sagesa.com\/wp-content\/uploads\/2024\/02\/bouton-contact-768x175.jpg 768w, https:\/\/www.sagesa.com\/wp-content\/uploads\/2024\/02\/bouton-contact-630x144.jpg 630w, https:\/\/www.sagesa.com\/wp-content\/uploads\/2024\/02\/bouton-contact-520x119.jpg 520w, https:\/\/www.sagesa.com\/wp-content\/uploads\/2024\/02\/bouton-contact.jpg 1100w\" sizes=\"auto, (max-width: 1024px) 100vw, 1024px\" \/><\/a>[\/vc_column_text][\/vc_column][\/vc_row][vc_row][vc_column][\/vc_column][\/vc_row]<\/p>\n<\/section>","protected":false},"excerpt":{"rendered":"<p>[vc_row][vc_column][vc_column_text]Aujourd&rsquo;hui, nous vous proposons une interview portage salarial international, avec la d\u00e9couverte du profil de Cecile Duranton, export Manager, et qui a trouv\u00e9 en SAGE SA un alli\u00e9 de choix pour faciliter son expatriation en Espagne. &nbsp; Bonjour C\u00e9cile. Vous \u00eates expatri\u00e9e en Espagne sous portage salarial international. Que pouvez-vous nous dire de votre m\u00e9tier [&hellip;]<\/p>\n","protected":false},"author":2,"featured_media":1016,"comment_status":"closed","ping_status":"closed","sticky":false,"template":"","format":"standard","meta":{"footnotes":""},"categories":[36],"tags":[],"class_list":["post-1015","post","type-post","status-publish","format-standard","has-post-thumbnail","hentry","category-temoignages"],"yoast_head":"<!-- This site is optimized with the Yoast SEO plugin v25.2 - https:\/\/yoast.com\/wordpress\/plugins\/seo\/ -->\n<title>Export manager en portage salarial international | Sage SA<\/title>\n<meta name=\"description\" content=\"Interview portage salarial international : Export manager expatri\u00e9e C\u00e9cile Duranton nous partage son exp\u00e9rience du portage salarial.\" \/>\n<meta name=\"robots\" content=\"index, follow, max-snippet:-1, max-image-preview:large, max-video-preview:-1\" \/>\n<link rel=\"canonical\" href=\"https:\/\/www.sagesa.com\/fr\/temoignage-de-cecile-duranton-29-ans-export-manager-du-secteur-agroalimentaire-expatriee-en-portage-salarial-international\/\" \/>\n<meta property=\"og:locale\" content=\"fr_FR\" \/>\n<meta property=\"og:type\" content=\"article\" \/>\n<meta property=\"og:title\" content=\"Export manager en portage salarial international | Sage SA\" \/>\n<meta property=\"og:description\" content=\"Interview portage salarial international : Export manager expatri\u00e9e C\u00e9cile Duranton nous partage son exp\u00e9rience du portage salarial.\" \/>\n<meta property=\"og:url\" content=\"https:\/\/www.sagesa.com\/fr\/temoignage-de-cecile-duranton-29-ans-export-manager-du-secteur-agroalimentaire-expatriee-en-portage-salarial-international\/\" \/>\n<meta property=\"og:site_name\" content=\"Sage SA\" \/>\n<meta property=\"article:published_time\" content=\"2024-10-17T08:00:55+00:00\" \/>\n<meta property=\"article:modified_time\" content=\"2024-10-17T08:50:01+00:00\" \/>\n<meta property=\"og:image\" content=\"https:\/\/www.sagesa.com\/wp-content\/uploads\/2021\/11\/cecile-duranton.jpg\" \/>\n\t<meta property=\"og:image:width\" content=\"800\" \/>\n\t<meta property=\"og:image:height\" content=\"800\" \/>\n\t<meta property=\"og:image:type\" content=\"image\/jpeg\" \/>\n<meta name=\"author\" content=\"Dominique Caumes\" \/>\n<meta name=\"twitter:card\" content=\"summary_large_image\" \/>\n<meta name=\"twitter:label1\" content=\"Written by\" \/>\n\t<meta name=\"twitter:data1\" content=\"Dominique Caumes\" \/>\n\t<meta name=\"twitter:label2\" content=\"Est. reading time\" \/>\n\t<meta name=\"twitter:data2\" content=\"4 minutes\" \/>\n<script type=\"application\/ld+json\" class=\"yoast-schema-graph\">{\"@context\":\"https:\/\/schema.org\",\"@graph\":[{\"@type\":\"Article\",\"@id\":\"https:\/\/www.sagesa.com\/fr\/temoignage-de-cecile-duranton-29-ans-export-manager-du-secteur-agroalimentaire-expatriee-en-portage-salarial-international\/#article\",\"isPartOf\":{\"@id\":\"https:\/\/www.sagesa.com\/fr\/temoignage-de-cecile-duranton-29-ans-export-manager-du-secteur-agroalimentaire-expatriee-en-portage-salarial-international\/\"},\"author\":{\"name\":\"Dominique Caumes\",\"@id\":\"https:\/\/www.sagesa.com\/fr\/#\/schema\/person\/6686cd2b01e79fae69f8136f9b88fa8c\"},\"headline\":\"T\u00e9moignage de C\u00e9cile Duranton 29 ans, Export Manager du secteur agroalimentaire, expatri\u00e9e, en portage salarial international\",\"datePublished\":\"2024-10-17T08:00:55+00:00\",\"dateModified\":\"2024-10-17T08:50:01+00:00\",\"mainEntityOfPage\":{\"@id\":\"https:\/\/www.sagesa.com\/fr\/temoignage-de-cecile-duranton-29-ans-export-manager-du-secteur-agroalimentaire-expatriee-en-portage-salarial-international\/\"},\"wordCount\":899,\"publisher\":{\"@id\":\"https:\/\/www.sagesa.com\/fr\/#organization\"},\"image\":{\"@id\":\"https:\/\/www.sagesa.com\/fr\/temoignage-de-cecile-duranton-29-ans-export-manager-du-secteur-agroalimentaire-expatriee-en-portage-salarial-international\/#primaryimage\"},\"thumbnailUrl\":\"https:\/\/www.sagesa.com\/wp-content\/uploads\/2021\/11\/cecile-duranton.jpg\",\"articleSection\":[\"T\u00e9moignages\"],\"inLanguage\":\"fr-FR\"},{\"@type\":\"WebPage\",\"@id\":\"https:\/\/www.sagesa.com\/fr\/temoignage-de-cecile-duranton-29-ans-export-manager-du-secteur-agroalimentaire-expatriee-en-portage-salarial-international\/\",\"url\":\"https:\/\/www.sagesa.com\/fr\/temoignage-de-cecile-duranton-29-ans-export-manager-du-secteur-agroalimentaire-expatriee-en-portage-salarial-international\/\",\"name\":\"Export manager en portage salarial international | Sage SA\",\"isPartOf\":{\"@id\":\"https:\/\/www.sagesa.com\/fr\/#website\"},\"primaryImageOfPage\":{\"@id\":\"https:\/\/www.sagesa.com\/fr\/temoignage-de-cecile-duranton-29-ans-export-manager-du-secteur-agroalimentaire-expatriee-en-portage-salarial-international\/#primaryimage\"},\"image\":{\"@id\":\"https:\/\/www.sagesa.com\/fr\/temoignage-de-cecile-duranton-29-ans-export-manager-du-secteur-agroalimentaire-expatriee-en-portage-salarial-international\/#primaryimage\"},\"thumbnailUrl\":\"https:\/\/www.sagesa.com\/wp-content\/uploads\/2021\/11\/cecile-duranton.jpg\",\"datePublished\":\"2024-10-17T08:00:55+00:00\",\"dateModified\":\"2024-10-17T08:50:01+00:00\",\"description\":\"Interview portage salarial international : Export manager expatri\u00e9e C\u00e9cile Duranton nous partage son exp\u00e9rience du portage salarial.\",\"breadcrumb\":{\"@id\":\"https:\/\/www.sagesa.com\/fr\/temoignage-de-cecile-duranton-29-ans-export-manager-du-secteur-agroalimentaire-expatriee-en-portage-salarial-international\/#breadcrumb\"},\"inLanguage\":\"fr-FR\",\"potentialAction\":[{\"@type\":\"ReadAction\",\"target\":[\"https:\/\/www.sagesa.com\/fr\/temoignage-de-cecile-duranton-29-ans-export-manager-du-secteur-agroalimentaire-expatriee-en-portage-salarial-international\/\"]}]},{\"@type\":\"ImageObject\",\"inLanguage\":\"fr-FR\",\"@id\":\"https:\/\/www.sagesa.com\/fr\/temoignage-de-cecile-duranton-29-ans-export-manager-du-secteur-agroalimentaire-expatriee-en-portage-salarial-international\/#primaryimage\",\"url\":\"https:\/\/www.sagesa.com\/wp-content\/uploads\/2021\/11\/cecile-duranton.jpg\",\"contentUrl\":\"https:\/\/www.sagesa.com\/wp-content\/uploads\/2021\/11\/cecile-duranton.jpg\",\"width\":800,\"height\":800,\"caption\":\"Cecile Duranton\"},{\"@type\":\"BreadcrumbList\",\"@id\":\"https:\/\/www.sagesa.com\/fr\/temoignage-de-cecile-duranton-29-ans-export-manager-du-secteur-agroalimentaire-expatriee-en-portage-salarial-international\/#breadcrumb\",\"itemListElement\":[{\"@type\":\"ListItem\",\"position\":1,\"name\":\"Accueil\",\"item\":\"https:\/\/www.sagesa.com\/fr\/\"},{\"@type\":\"ListItem\",\"position\":2,\"name\":\"T\u00e9moignage de C\u00e9cile Duranton 29 ans, Export Manager du secteur agroalimentaire, expatri\u00e9e, en portage salarial international\"}]},{\"@type\":\"WebSite\",\"@id\":\"https:\/\/www.sagesa.com\/fr\/#website\",\"url\":\"https:\/\/www.sagesa.com\/fr\/\",\"name\":\"Sage SA\",\"description\":\"Un site utilisant WordPress\",\"publisher\":{\"@id\":\"https:\/\/www.sagesa.com\/fr\/#organization\"},\"potentialAction\":[{\"@type\":\"SearchAction\",\"target\":{\"@type\":\"EntryPoint\",\"urlTemplate\":\"https:\/\/www.sagesa.com\/fr\/?s={search_term_string}\"},\"query-input\":{\"@type\":\"PropertyValueSpecification\",\"valueRequired\":true,\"valueName\":\"search_term_string\"}}],\"inLanguage\":\"fr-FR\"},{\"@type\":\"Organization\",\"@id\":\"https:\/\/www.sagesa.com\/fr\/#organization\",\"name\":\"SAGE SA\",\"url\":\"https:\/\/www.sagesa.com\/fr\/\",\"logo\":{\"@type\":\"ImageObject\",\"inLanguage\":\"fr-FR\",\"@id\":\"https:\/\/www.sagesa.com\/fr\/#\/schema\/logo\/image\/\",\"url\":\"https:\/\/www.sagesa.com\/wp-content\/uploads\/2024\/02\/logo_sage_rvb.jpg\",\"contentUrl\":\"https:\/\/www.sagesa.com\/wp-content\/uploads\/2024\/02\/logo_sage_rvb.jpg\",\"width\":1784,\"height\":1035,\"caption\":\"SAGE SA\"},\"image\":{\"@id\":\"https:\/\/www.sagesa.com\/fr\/#\/schema\/logo\/image\/\"},\"sameAs\":[\"https:\/\/www.linkedin.com\/company\/sage-sa-portage-salarial-international\"]},{\"@type\":\"Person\",\"@id\":\"https:\/\/www.sagesa.com\/fr\/#\/schema\/person\/6686cd2b01e79fae69f8136f9b88fa8c\",\"name\":\"Dominique Caumes\",\"image\":{\"@type\":\"ImageObject\",\"inLanguage\":\"fr-FR\",\"@id\":\"https:\/\/www.sagesa.com\/fr\/#\/schema\/person\/image\/\",\"url\":\"https:\/\/secure.gravatar.com\/avatar\/2bc7cd6a49b328fbec0fa4c9d2554789bdbe3fe718ad37aed91feb033770ae24?s=96&d=mm&r=g\",\"contentUrl\":\"https:\/\/secure.gravatar.com\/avatar\/2bc7cd6a49b328fbec0fa4c9d2554789bdbe3fe718ad37aed91feb033770ae24?s=96&d=mm&r=g\",\"caption\":\"Dominique Caumes\"}}]}<\/script>\n<!-- \/ Yoast SEO plugin. -->","yoast_head_json":{"title":"Export manager en portage salarial international | Sage SA","description":"Interview portage salarial international : Export manager expatri\u00e9e C\u00e9cile Duranton nous partage son exp\u00e9rience du portage salarial.","robots":{"index":"index","follow":"follow","max-snippet":"max-snippet:-1","max-image-preview":"max-image-preview:large","max-video-preview":"max-video-preview:-1"},"canonical":"https:\/\/www.sagesa.com\/fr\/temoignage-de-cecile-duranton-29-ans-export-manager-du-secteur-agroalimentaire-expatriee-en-portage-salarial-international\/","og_locale":"fr_FR","og_type":"article","og_title":"Export manager en portage salarial international | Sage SA","og_description":"Interview portage salarial international : Export manager expatri\u00e9e C\u00e9cile Duranton nous partage son exp\u00e9rience du portage salarial.","og_url":"https:\/\/www.sagesa.com\/fr\/temoignage-de-cecile-duranton-29-ans-export-manager-du-secteur-agroalimentaire-expatriee-en-portage-salarial-international\/","og_site_name":"Sage SA","article_published_time":"2024-10-17T08:00:55+00:00","article_modified_time":"2024-10-17T08:50:01+00:00","og_image":[{"width":800,"height":800,"url":"https:\/\/www.sagesa.com\/wp-content\/uploads\/2021\/11\/cecile-duranton.jpg","type":"image\/jpeg"}],"author":"Dominique Caumes","twitter_card":"summary_large_image","twitter_misc":{"Written by":"Dominique Caumes","Est. reading time":"4 minutes"},"schema":{"@context":"https:\/\/schema.org","@graph":[{"@type":"Article","@id":"https:\/\/www.sagesa.com\/fr\/temoignage-de-cecile-duranton-29-ans-export-manager-du-secteur-agroalimentaire-expatriee-en-portage-salarial-international\/#article","isPartOf":{"@id":"https:\/\/www.sagesa.com\/fr\/temoignage-de-cecile-duranton-29-ans-export-manager-du-secteur-agroalimentaire-expatriee-en-portage-salarial-international\/"},"author":{"name":"Dominique Caumes","@id":"https:\/\/www.sagesa.com\/fr\/#\/schema\/person\/6686cd2b01e79fae69f8136f9b88fa8c"},"headline":"T\u00e9moignage de C\u00e9cile Duranton 29 ans, Export Manager du secteur agroalimentaire, expatri\u00e9e, en portage salarial international","datePublished":"2024-10-17T08:00:55+00:00","dateModified":"2024-10-17T08:50:01+00:00","mainEntityOfPage":{"@id":"https:\/\/www.sagesa.com\/fr\/temoignage-de-cecile-duranton-29-ans-export-manager-du-secteur-agroalimentaire-expatriee-en-portage-salarial-international\/"},"wordCount":899,"publisher":{"@id":"https:\/\/www.sagesa.com\/fr\/#organization"},"image":{"@id":"https:\/\/www.sagesa.com\/fr\/temoignage-de-cecile-duranton-29-ans-export-manager-du-secteur-agroalimentaire-expatriee-en-portage-salarial-international\/#primaryimage"},"thumbnailUrl":"https:\/\/www.sagesa.com\/wp-content\/uploads\/2021\/11\/cecile-duranton.jpg","articleSection":["T\u00e9moignages"],"inLanguage":"fr-FR"},{"@type":"WebPage","@id":"https:\/\/www.sagesa.com\/fr\/temoignage-de-cecile-duranton-29-ans-export-manager-du-secteur-agroalimentaire-expatriee-en-portage-salarial-international\/","url":"https:\/\/www.sagesa.com\/fr\/temoignage-de-cecile-duranton-29-ans-export-manager-du-secteur-agroalimentaire-expatriee-en-portage-salarial-international\/","name":"Export manager en portage salarial international | Sage SA","isPartOf":{"@id":"https:\/\/www.sagesa.com\/fr\/#website"},"primaryImageOfPage":{"@id":"https:\/\/www.sagesa.com\/fr\/temoignage-de-cecile-duranton-29-ans-export-manager-du-secteur-agroalimentaire-expatriee-en-portage-salarial-international\/#primaryimage"},"image":{"@id":"https:\/\/www.sagesa.com\/fr\/temoignage-de-cecile-duranton-29-ans-export-manager-du-secteur-agroalimentaire-expatriee-en-portage-salarial-international\/#primaryimage"},"thumbnailUrl":"https:\/\/www.sagesa.com\/wp-content\/uploads\/2021\/11\/cecile-duranton.jpg","datePublished":"2024-10-17T08:00:55+00:00","dateModified":"2024-10-17T08:50:01+00:00","description":"Interview portage salarial international : Export manager expatri\u00e9e C\u00e9cile Duranton nous partage son exp\u00e9rience du portage salarial.","breadcrumb":{"@id":"https:\/\/www.sagesa.com\/fr\/temoignage-de-cecile-duranton-29-ans-export-manager-du-secteur-agroalimentaire-expatriee-en-portage-salarial-international\/#breadcrumb"},"inLanguage":"fr-FR","potentialAction":[{"@type":"ReadAction","target":["https:\/\/www.sagesa.com\/fr\/temoignage-de-cecile-duranton-29-ans-export-manager-du-secteur-agroalimentaire-expatriee-en-portage-salarial-international\/"]}]},{"@type":"ImageObject","inLanguage":"fr-FR","@id":"https:\/\/www.sagesa.com\/fr\/temoignage-de-cecile-duranton-29-ans-export-manager-du-secteur-agroalimentaire-expatriee-en-portage-salarial-international\/#primaryimage","url":"https:\/\/www.sagesa.com\/wp-content\/uploads\/2021\/11\/cecile-duranton.jpg","contentUrl":"https:\/\/www.sagesa.com\/wp-content\/uploads\/2021\/11\/cecile-duranton.jpg","width":800,"height":800,"caption":"Cecile Duranton"},{"@type":"BreadcrumbList","@id":"https:\/\/www.sagesa.com\/fr\/temoignage-de-cecile-duranton-29-ans-export-manager-du-secteur-agroalimentaire-expatriee-en-portage-salarial-international\/#breadcrumb","itemListElement":[{"@type":"ListItem","position":1,"name":"Accueil","item":"https:\/\/www.sagesa.com\/fr\/"},{"@type":"ListItem","position":2,"name":"T\u00e9moignage de C\u00e9cile Duranton 29 ans, Export Manager du secteur agroalimentaire, expatri\u00e9e, en portage salarial international"}]},{"@type":"WebSite","@id":"https:\/\/www.sagesa.com\/fr\/#website","url":"https:\/\/www.sagesa.com\/fr\/","name":"Sage SA","description":"Un site utilisant WordPress","publisher":{"@id":"https:\/\/www.sagesa.com\/fr\/#organization"},"potentialAction":[{"@type":"SearchAction","target":{"@type":"EntryPoint","urlTemplate":"https:\/\/www.sagesa.com\/fr\/?s={search_term_string}"},"query-input":{"@type":"PropertyValueSpecification","valueRequired":true,"valueName":"search_term_string"}}],"inLanguage":"fr-FR"},{"@type":"Organization","@id":"https:\/\/www.sagesa.com\/fr\/#organization","name":"SAGE SA","url":"https:\/\/www.sagesa.com\/fr\/","logo":{"@type":"ImageObject","inLanguage":"fr-FR","@id":"https:\/\/www.sagesa.com\/fr\/#\/schema\/logo\/image\/","url":"https:\/\/www.sagesa.com\/wp-content\/uploads\/2024\/02\/logo_sage_rvb.jpg","contentUrl":"https:\/\/www.sagesa.com\/wp-content\/uploads\/2024\/02\/logo_sage_rvb.jpg","width":1784,"height":1035,"caption":"SAGE SA"},"image":{"@id":"https:\/\/www.sagesa.com\/fr\/#\/schema\/logo\/image\/"},"sameAs":["https:\/\/www.linkedin.com\/company\/sage-sa-portage-salarial-international"]},{"@type":"Person","@id":"https:\/\/www.sagesa.com\/fr\/#\/schema\/person\/6686cd2b01e79fae69f8136f9b88fa8c","name":"Dominique Caumes","image":{"@type":"ImageObject","inLanguage":"fr-FR","@id":"https:\/\/www.sagesa.com\/fr\/#\/schema\/person\/image\/","url":"https:\/\/secure.gravatar.com\/avatar\/2bc7cd6a49b328fbec0fa4c9d2554789bdbe3fe718ad37aed91feb033770ae24?s=96&d=mm&r=g","contentUrl":"https:\/\/secure.gravatar.com\/avatar\/2bc7cd6a49b328fbec0fa4c9d2554789bdbe3fe718ad37aed91feb033770ae24?s=96&d=mm&r=g","caption":"Dominique Caumes"}}]}},"_links":{"self":[{"href":"https:\/\/www.sagesa.com\/fr\/wp-json\/wp\/v2\/posts\/1015","targetHints":{"allow":["GET"]}}],"collection":[{"href":"https:\/\/www.sagesa.com\/fr\/wp-json\/wp\/v2\/posts"}],"about":[{"href":"https:\/\/www.sagesa.com\/fr\/wp-json\/wp\/v2\/types\/post"}],"author":[{"embeddable":true,"href":"https:\/\/www.sagesa.com\/fr\/wp-json\/wp\/v2\/users\/2"}],"replies":[{"embeddable":true,"href":"https:\/\/www.sagesa.com\/fr\/wp-json\/wp\/v2\/comments?post=1015"}],"version-history":[{"count":0,"href":"https:\/\/www.sagesa.com\/fr\/wp-json\/wp\/v2\/posts\/1015\/revisions"}],"wp:featuredmedia":[{"embeddable":true,"href":"https:\/\/www.sagesa.com\/fr\/wp-json\/wp\/v2\/media\/1016"}],"wp:attachment":[{"href":"https:\/\/www.sagesa.com\/fr\/wp-json\/wp\/v2\/media?parent=1015"}],"wp:term":[{"taxonomy":"category","embeddable":true,"href":"https:\/\/www.sagesa.com\/fr\/wp-json\/wp\/v2\/categories?post=1015"},{"taxonomy":"post_tag","embeddable":true,"href":"https:\/\/www.sagesa.com\/fr\/wp-json\/wp\/v2\/tags?post=1015"}],"curies":[{"name":"wp","href":"https:\/\/api.w.org\/{rel}","templated":true}]}}