{"id":2994,"date":"2023-12-11T12:17:45","date_gmt":"2023-12-11T11:17:45","guid":{"rendered":"https:\/\/www.sagesa.com\/?p=2994"},"modified":"2024-03-20T12:22:38","modified_gmt":"2024-03-20T11:22:38","slug":"les-profils-professionnels-les-plus-repandus-en-portage-salarial","status":"publish","type":"post","link":"https:\/\/www.sagesa.com\/fr\/les-profils-professionnels-les-plus-repandus-en-portage-salarial\/","title":{"rendered":"Les profils professionnels les plus r\u00e9pandus en portage salarial"},"content":{"rendered":"<section class=\"wpb-content-wrapper\"><p>[vc_row][vc_column][vc_column_text]<strong>Le portage salarial regorge de possibilit\u00e9s<\/strong> que cela soit en termes de missions propos\u00e9es ou m\u00eame de profils recherch\u00e9s par les entreprises. Alors quels sont les m\u00e9tiers les plus concern\u00e9s par le portage salarial?<\/p>\n<p>&nbsp;<\/p>\n<p>Bon nombre d\u2019emplois peuvent \u00eatre concern\u00e9s par ce dernier, qu\u2019il soit international ou non. Nombres d\u2019ind\u00e9pendants qui pourraient \u00eatre int\u00e9ress\u00e9s ignorent les b\u00e9n\u00e9fices qu\u2019ils peuvent en tirer.<\/p>\n<p>Par ailleurs, le portage salarial peut \u00eatre une opportunit\u00e9 dans une vie professionnelle. <strong>Plus encore lorsqu\u2019on parle de <a href=\"https:\/\/www.sagesa.com\/fr\/le-portage-salarial-international\/\">portage salarial international<\/a> qui permet d\u2019acc\u00e9der \u00e0 des opportunit\u00e9s professionnelles partout dans le monde.<\/strong>[\/vc_column_text][\/vc_column][\/vc_row][vc_row][vc_column][vc_column_text]<\/p>\n<h2><strong>Les secteurs d\u2019activit\u00e9s concern\u00e9s par le portage salarial\u00a0: <\/strong><\/h2>\n<p>&nbsp;<\/p>\n<p>Lorsque l\u2019on parle de portage salarial, cela concerne g\u00e9n\u00e9ralement des prestations de services. Les prestations qu\u2019on retrouve le plus sont en autre\u00a0les <strong>prestations de conseil, de formation, d\u2019animation, de conf\u00e9rences ou encore d\u2019audit<\/strong>.<\/p>\n<p>&nbsp;<\/p>\n<p>Ces prestations concernent principalement trois domaines : la technique, la gestion ou l\u2019organisation.<\/p>\n<p>&nbsp;<\/p>\n<p>En revanche, il faut savoir qu\u2019en terme de portage salarial, on ne peut pas exercer des prestations de services \u00e0 la personne tels que la garde d\u2019enfant, les travaux m\u00e9nagers et tout ce qui s\u2019en rapproche. Par ailleurs, le portage salarial est interdit dans le cadre du remplacement d\u2019un salari\u00e9 qui dispose d\u2019un contrat de travail qui est suspendu pour raisons de conflit collectif ou la r\u00e9alisation de travaux dangereux par exemple.<\/p>\n<p>&nbsp;<\/p>\n<p>Le portage salarial est <strong>incompatible avec certaines professions comme les professions r\u00e9glement\u00e9es. <\/strong>Par exemple, les professions\u00a0d\u2019expert-comptable, d\u2019avocat, d\u2019agent immobilier, de g\u00e9om\u00e8tre\u2026[\/vc_column_text][vc_column_text]<\/p>\n<h2>Les domaines d\u2019activit\u00e9 les plus concern\u00e9s par le portage salarial\u00a0:<\/h2>\n<p>Le portage salarial est particuli\u00e8rement adapt\u00e9 aux professions intellectuelles et aux m\u00e9tiers de prestations de services. Voici quelques domaines d&rsquo;activit\u00e9 qui sont souvent concern\u00e9s par le portage salarial :<\/p>\n<p>&nbsp;<\/p>\n<ul>\n<li><strong>Informatique et Technologies de l&rsquo;Information (IT) :<\/strong> Les consultants en informatique, d\u00e9veloppeurs, experts en cybers\u00e9curit\u00e9 et autres professionnels du domaine informatique peuvent opter pour le portage salarial.<\/li>\n<li><strong>Conseil et Management :<\/strong> Les consultants en management, en strat\u00e9gie, en ressources humaines, ainsi que les coachs et formateurs<\/li>\n<li><strong>Communication et Marketing :<\/strong> Les professionnels de la communication, du marketing, des relations publiques, des m\u00e9dias et de la publicit\u00e9<\/li>\n<li><strong>Ing\u00e9nierie :<\/strong> Les ing\u00e9nieurs ind\u00e9pendants, les experts en g\u00e9nie civil, en g\u00e9nie \u00e9lectrique, en g\u00e9nie m\u00e9canique, etc.<\/li>\n<li><strong>Formation et Enseignement :<\/strong> Les formateurs, les enseignants ind\u00e9pendants et les professionnels de la formation continue peuvent b\u00e9n\u00e9ficier du portage salarial.<\/li>\n<li><strong>R\u00e9daction et Traduction :<\/strong> Les r\u00e9dacteurs, les journalistes ind\u00e9pendants, les traducteurs et les interpr\u00e8tes<\/li>\n<li><strong>Conseil en Finance et Comptabilit\u00e9 :<\/strong> Les consultants en finance et les auditeurs peuvent exercer en portage salarial.<\/li>\n<li><strong>Art et Culture :<\/strong> Certains artistes, auteurs, r\u00e9alisateurs ind\u00e9pendants et professionnels de l&rsquo;industrie culturelle<\/li>\n<li><strong>\u00c9v\u00e9nementiel :<\/strong> Les organisateurs d&rsquo;\u00e9v\u00e9nements, les coordinateurs d&rsquo;\u00e9v\u00e9nements et les professionnels de l&rsquo;industrie de l&rsquo;\u00e9v\u00e9nementiel<\/li>\n<li>Il est important de noter que la liste n&rsquo;est pas exhaustive, et le portage salarial peut s&rsquo;appliquer \u00e0 de nombreux autres domaines en fonction de la nature de l&rsquo;activit\u00e9 et des comp\u00e9tences professionnelles requises. Les travailleurs ind\u00e9pendants qui souhaitent b\u00e9n\u00e9ficier de la flexibilit\u00e9 du travail ind\u00e9pendant tout en conservant les avantages sociaux du salariat peuvent consid\u00e9rer le portage salarial comme une option int\u00e9ressante.<\/li>\n<\/ul>\n<p>&nbsp;<\/p>\n<p><strong>Vous souhaitez savoir si vous pourriez \u00eatre concern\u00e9\u00a0?<\/strong><\/p>\n<p><a href=\"https:\/\/www.admissions.fr\/\">Pour une activit\u00e9 en France<\/a><\/p>\n<p><a href=\"https:\/\/www.sagesa.com\/fr\/contactez-nous\/\">Pour une activit\u00e9 \u00e0 l&rsquo;Internationale<\/a>[\/vc_column_text][vc_single_image image=\u00a0\u00bb2996&Prime; img_size=\u00a0\u00bblarge\u00a0\u00bb][vc_column_text]Certains m\u00e9tiers que l\u2019on peut d\u2019ailleurs retrouver dans diff\u00e9rents domaines, sont plus r\u00e9pandus que d\u2019autres en portage salarial.<\/p>\n<p>&nbsp;<\/p>\n<ul>\n<li>Le consultant<\/li>\n<li>Les managers de transition<\/li>\n<li>Cadre en activit\u00e9<\/li>\n<li>Cadre \u00e0 la retraite<\/li>\n<li>Cr\u00e9ateur d\u2019entreprise<\/li>\n<li>Travailleur ind\u00e9pendant<\/li>\n<li>Formateur<\/li>\n<li>Jeune dipl\u00f4m\u00e9<\/li>\n<li><\/li>\n<\/ul>\n<p>[\/vc_column_text][\/vc_column][\/vc_row][vc_row][vc_column][vc_btn title=\u00a0\u00bbEn savoir plus\u00a0\u00bb color=\u00a0\u00bbvista-blue\u00a0\u00bb link=\u00a0\u00bburl:https%3A%2F%2Fwww.sagesa.com%2Ffr%2Fle-portage-salarial-international-pour-les-entreprises%2F|title:Le%20portage%20salarial%20international%20pour%20les%20entreprises\u00a0\u00bb][vc_column_text]<\/p>\n<h2><u>Avantage du portage salarial<\/u><\/h2>\n<p>Le choix du portage salarial peut \u00eatre motiv\u00e9 par plusieurs avantages, selon le profil et les besoins sp\u00e9cifiques de chaque professionnel. Voici quelques raisons pour lesquelles certains travailleurs ind\u00e9pendants choisissent le portage salarial :<\/p>\n<p>&nbsp;<\/p>\n<ul>\n<li><strong>S\u00e9curit\u00e9 Sociale et Avantages Sociaux :<\/strong> En tant que salari\u00e9 port\u00e9, vous b\u00e9n\u00e9ficiez de la s\u00e9curit\u00e9 sociale, de l&rsquo;assurance ch\u00f4mage, de la retraite et d&rsquo;autres avantages sociaux similaires, ce qui offre une certaine s\u00e9curit\u00e9 et stabilit\u00e9 par rapport au statut d&rsquo;ind\u00e9pendant.<\/li>\n<li><strong>Gestion Administrative Simplifi\u00e9e :<\/strong> Le portage salarial d\u00e9charge le professionnel des t\u00e2ches administratives lourdes, telles que la facturation, la gestion comptable, les d\u00e9clarations fiscales, etc. Cela permet au travailleur de se concentrer pleinement sur son m\u00e9tier.<\/li>\n<li><strong>Acc\u00e8s au March\u00e9 du Travail :<\/strong> Certains clients pr\u00e9f\u00e8rent travailler avec des consultants en portage salarial, car cela simplifie la gestion contractuelle. Cela peut augmenter les opportunit\u00e9s sur le march\u00e9 du travail.<\/li>\n<li><strong>Flexibilit\u00e9 :<\/strong> Les travailleurs ind\u00e9pendants b\u00e9n\u00e9ficient de la flexibilit\u00e9 du travail autonome tout en maintenant un lien salarial avec la soci\u00e9t\u00e9 de portage. Cela permet de choisir les missions, de g\u00e9rer son emploi du temps et de concilier vie professionnelle et personnelle.<\/li>\n<li><strong>Formation Continue :<\/strong> Certains organismes de portage salarial offrent des formations continues \u00e0 leurs salari\u00e9s port\u00e9s, ce qui peut \u00eatre un avantage pour d\u00e9velopper ses comp\u00e9tences et rester comp\u00e9titif sur le march\u00e9.<\/li>\n<li><strong>Accompagnement Juridique et Administratif :<\/strong> Les soci\u00e9t\u00e9s de portage salarial fournissent un soutien juridique et administratif, aidant les professionnels \u00e0 respecter les r\u00e9glementations en vigueur et \u00e0 \u00e9viter des erreurs potentielles.<\/li>\n<li><strong>Transition en Douceur :<\/strong> Pour ceux qui envisagent de passer du statut de salari\u00e9 \u00e0 celui d&rsquo;ind\u00e9pendant, le portage salarial peut \u00eatre une transition en douceur, offrant une transition progressive vers le travail ind\u00e9pendant.<\/li>\n<li><strong>Gestion des Impay\u00e9s :<\/strong> Les soci\u00e9t\u00e9s de portage salarial peuvent prendre en charge la gestion des impay\u00e9s, offrant une protection financi\u00e8re aux professionnels ind\u00e9pendants.<\/li>\n<li><strong>Cr\u00e9ation d&rsquo;Entreprise Facilit\u00e9e :<\/strong> Pour ceux qui envisagent de cr\u00e9er leur propre entreprise \u00e0 terme, le portage salarial peut \u00eatre un moyen de tester leur activit\u00e9 sans avoir \u00e0 cr\u00e9er imm\u00e9diatement une structure juridique complexe.<\/li>\n<\/ul>\n<p>&nbsp;<\/p>\n<p>Il est important de noter que le choix du portage salarial d\u00e9pend des besoins et des objectifs individuels. Nous sommes \u00e0 votre disposition pour r\u00e9pondre \u00e0 vos questions. N\u2019h\u00e9sitez pas \u00e0 nous les adresser par mail.[\/vc_column_text][\/vc_column][\/vc_row][vc_row][vc_column width=\u00a0\u00bb1\/2&Prime;][vc_single_image image=\u00a0\u00bb296&Prime; img_size=\u00a0\u00bblarge\u00a0\u00bb][\/vc_column][vc_column width=\u00a0\u00bb1\/2&Prime;][vc_column_text]<\/p>\n<h2><b>En conclusion<\/b><\/h2>\n<p>&nbsp;<\/p>\n<p>Il est important de noter que le choix du portage salarial d\u00e9pend des besoins et des objectifs individuels. Nous sommes \u00e0 votre disposition pour r\u00e9pondre \u00e0 vos questions. N\u2019h\u00e9sitez pas \u00e0 nous les adresser par mail.<\/p>\n<p>&nbsp;<\/p>\n<p>[\/vc_column_text][\/vc_column][\/vc_row][vc_row][vc_column][vc_btn title=\u00a0\u00bbEn savoir plus\u00a0\u00bb color=\u00a0\u00bbvista-blue\u00a0\u00bb link=\u00a0\u00bburl:https%3A%2F%2Fwww.sagesa.com%2Ffr%2Fle-portage-salarial-international-pour-les-entreprises%2F|title:Le%20portage%20salarial%20international%20pour%20les%20entreprises\u00a0\u00bb][\/vc_column][\/vc_row][vc_row][vc_column][\/vc_column][\/vc_row][vc_row][vc_column][\/vc_column][\/vc_row]<\/p>\n<\/section>","protected":false},"excerpt":{"rendered":"<p>Dans l\u2019entreprise les questions d\u2019innovation, de comp\u00e9titivit\u00e9, de performances sont essentielles. Renouveler, am\u00e9liorer les processus, doter votre plan de d\u00e9veloppement des meilleurs atouts sont autant d\u2019axes qui n\u00e9cessitent de vous appuyer sur des comp\u00e9tences et expertises, m\u00eame momentan\u00e9ment, parfois rares et difficiles \u00e0 recruter.<\/p>\n","protected":false},"author":2,"featured_media":2996,"comment_status":"closed","ping_status":"closed","sticky":false,"template":"","format":"standard","meta":{"footnotes":""},"categories":[24,25],"tags":[],"class_list":["post-2994","post","type-post","status-publish","format-standard","has-post-thumbnail","hentry","category-portage-salarial-et-entreprise","category-portage-salarial-et-expert"],"yoast_head":"<!-- This site is optimized with the Yoast SEO plugin v25.2 - https:\/\/yoast.com\/wordpress\/plugins\/seo\/ -->\n<title>Les m\u00e9tiers les plus concern\u00e9s par le portage salarial<\/title>\n<meta name=\"description\" content=\"Bon nombre d\u2019emplois peuvent \u00eatre concern\u00e9s par le portage salarial, qu\u2019il soit international ou non. Nombres d\u2019ind\u00e9pendants qui pourraient \u00eatre int\u00e9ress\u00e9s ignorent les b\u00e9n\u00e9fices qu\u2019ils peuvent en tirer.\" \/>\n<meta name=\"robots\" content=\"index, follow, max-snippet:-1, max-image-preview:large, max-video-preview:-1\" \/>\n<link rel=\"canonical\" href=\"https:\/\/www.sagesa.com\/fr\/les-profils-professionnels-les-plus-repandus-en-portage-salarial\/\" \/>\n<meta property=\"og:locale\" content=\"fr_FR\" \/>\n<meta property=\"og:type\" content=\"article\" \/>\n<meta property=\"og:title\" content=\"Les m\u00e9tiers les plus concern\u00e9s par le portage salarial\" \/>\n<meta property=\"og:description\" content=\"Bon nombre d\u2019emplois peuvent \u00eatre concern\u00e9s par le portage salarial, qu\u2019il soit international ou non. Nombres d\u2019ind\u00e9pendants qui pourraient \u00eatre int\u00e9ress\u00e9s ignorent les b\u00e9n\u00e9fices qu\u2019ils peuvent en tirer.\" \/>\n<meta property=\"og:url\" content=\"https:\/\/www.sagesa.com\/fr\/les-profils-professionnels-les-plus-repandus-en-portage-salarial\/\" \/>\n<meta property=\"og:site_name\" content=\"Sage SA\" \/>\n<meta property=\"article:published_time\" content=\"2023-12-11T11:17:45+00:00\" \/>\n<meta property=\"article:modified_time\" content=\"2024-03-20T11:22:38+00:00\" \/>\n<meta property=\"og:image\" content=\"https:\/\/www.sagesa.com\/wp-content\/uploads\/2023\/12\/christina-wocintechchat-com-zFd1L-XtrTE-unsplash-scaled.jpg\" \/>\n\t<meta property=\"og:image:width\" content=\"2560\" \/>\n\t<meta property=\"og:image:height\" content=\"1709\" \/>\n\t<meta property=\"og:image:type\" content=\"image\/jpeg\" \/>\n<meta name=\"author\" content=\"Dominique Caumes\" \/>\n<meta name=\"twitter:card\" content=\"summary_large_image\" \/>\n<meta name=\"twitter:label1\" content=\"Written by\" \/>\n\t<meta name=\"twitter:data1\" content=\"Dominique Caumes\" \/>\n\t<meta name=\"twitter:label2\" content=\"Est. reading time\" \/>\n\t<meta name=\"twitter:data2\" content=\"5 minutes\" \/>\n<script type=\"application\/ld+json\" class=\"yoast-schema-graph\">{\"@context\":\"https:\/\/schema.org\",\"@graph\":[{\"@type\":\"Article\",\"@id\":\"https:\/\/www.sagesa.com\/fr\/les-profils-professionnels-les-plus-repandus-en-portage-salarial\/#article\",\"isPartOf\":{\"@id\":\"https:\/\/www.sagesa.com\/fr\/les-profils-professionnels-les-plus-repandus-en-portage-salarial\/\"},\"author\":{\"name\":\"Dominique Caumes\",\"@id\":\"https:\/\/www.sagesa.com\/fr\/#\/schema\/person\/6686cd2b01e79fae69f8136f9b88fa8c\"},\"headline\":\"Les profils professionnels les plus r\u00e9pandus en portage salarial\",\"datePublished\":\"2023-12-11T11:17:45+00:00\",\"dateModified\":\"2024-03-20T11:22:38+00:00\",\"mainEntityOfPage\":{\"@id\":\"https:\/\/www.sagesa.com\/fr\/les-profils-professionnels-les-plus-repandus-en-portage-salarial\/\"},\"wordCount\":1280,\"publisher\":{\"@id\":\"https:\/\/www.sagesa.com\/fr\/#organization\"},\"image\":{\"@id\":\"https:\/\/www.sagesa.com\/fr\/les-profils-professionnels-les-plus-repandus-en-portage-salarial\/#primaryimage\"},\"thumbnailUrl\":\"https:\/\/www.sagesa.com\/wp-content\/uploads\/2023\/12\/christina-wocintechchat-com-zFd1L-XtrTE-unsplash-scaled.jpg\",\"articleSection\":[\"Portage salarial et entreprise\",\"Portage salarial et expert\"],\"inLanguage\":\"fr-FR\"},{\"@type\":\"WebPage\",\"@id\":\"https:\/\/www.sagesa.com\/fr\/les-profils-professionnels-les-plus-repandus-en-portage-salarial\/\",\"url\":\"https:\/\/www.sagesa.com\/fr\/les-profils-professionnels-les-plus-repandus-en-portage-salarial\/\",\"name\":\"Les m\u00e9tiers les plus concern\u00e9s par le portage salarial\",\"isPartOf\":{\"@id\":\"https:\/\/www.sagesa.com\/fr\/#website\"},\"primaryImageOfPage\":{\"@id\":\"https:\/\/www.sagesa.com\/fr\/les-profils-professionnels-les-plus-repandus-en-portage-salarial\/#primaryimage\"},\"image\":{\"@id\":\"https:\/\/www.sagesa.com\/fr\/les-profils-professionnels-les-plus-repandus-en-portage-salarial\/#primaryimage\"},\"thumbnailUrl\":\"https:\/\/www.sagesa.com\/wp-content\/uploads\/2023\/12\/christina-wocintechchat-com-zFd1L-XtrTE-unsplash-scaled.jpg\",\"datePublished\":\"2023-12-11T11:17:45+00:00\",\"dateModified\":\"2024-03-20T11:22:38+00:00\",\"description\":\"Bon nombre d\u2019emplois peuvent \u00eatre concern\u00e9s par le portage salarial, qu\u2019il soit international ou non. Nombres d\u2019ind\u00e9pendants qui pourraient \u00eatre int\u00e9ress\u00e9s ignorent les b\u00e9n\u00e9fices qu\u2019ils peuvent en tirer.\",\"breadcrumb\":{\"@id\":\"https:\/\/www.sagesa.com\/fr\/les-profils-professionnels-les-plus-repandus-en-portage-salarial\/#breadcrumb\"},\"inLanguage\":\"fr-FR\",\"potentialAction\":[{\"@type\":\"ReadAction\",\"target\":[\"https:\/\/www.sagesa.com\/fr\/les-profils-professionnels-les-plus-repandus-en-portage-salarial\/\"]}]},{\"@type\":\"ImageObject\",\"inLanguage\":\"fr-FR\",\"@id\":\"https:\/\/www.sagesa.com\/fr\/les-profils-professionnels-les-plus-repandus-en-portage-salarial\/#primaryimage\",\"url\":\"https:\/\/www.sagesa.com\/wp-content\/uploads\/2023\/12\/christina-wocintechchat-com-zFd1L-XtrTE-unsplash-scaled.jpg\",\"contentUrl\":\"https:\/\/www.sagesa.com\/wp-content\/uploads\/2023\/12\/christina-wocintechchat-com-zFd1L-XtrTE-unsplash-scaled.jpg\",\"width\":2560,\"height\":1709,\"caption\":\"Femme en portage salarial international qui regarde un ordinateur\"},{\"@type\":\"BreadcrumbList\",\"@id\":\"https:\/\/www.sagesa.com\/fr\/les-profils-professionnels-les-plus-repandus-en-portage-salarial\/#breadcrumb\",\"itemListElement\":[{\"@type\":\"ListItem\",\"position\":1,\"name\":\"Accueil\",\"item\":\"https:\/\/www.sagesa.com\/fr\/\"},{\"@type\":\"ListItem\",\"position\":2,\"name\":\"Les profils professionnels les plus r\u00e9pandus en portage salarial\"}]},{\"@type\":\"WebSite\",\"@id\":\"https:\/\/www.sagesa.com\/fr\/#website\",\"url\":\"https:\/\/www.sagesa.com\/fr\/\",\"name\":\"Sage SA\",\"description\":\"Un site utilisant WordPress\",\"publisher\":{\"@id\":\"https:\/\/www.sagesa.com\/fr\/#organization\"},\"potentialAction\":[{\"@type\":\"SearchAction\",\"target\":{\"@type\":\"EntryPoint\",\"urlTemplate\":\"https:\/\/www.sagesa.com\/fr\/?s={search_term_string}\"},\"query-input\":{\"@type\":\"PropertyValueSpecification\",\"valueRequired\":true,\"valueName\":\"search_term_string\"}}],\"inLanguage\":\"fr-FR\"},{\"@type\":\"Organization\",\"@id\":\"https:\/\/www.sagesa.com\/fr\/#organization\",\"name\":\"SAGE SA\",\"url\":\"https:\/\/www.sagesa.com\/fr\/\",\"logo\":{\"@type\":\"ImageObject\",\"inLanguage\":\"fr-FR\",\"@id\":\"https:\/\/www.sagesa.com\/fr\/#\/schema\/logo\/image\/\",\"url\":\"https:\/\/www.sagesa.com\/wp-content\/uploads\/2024\/02\/logo_sage_rvb.jpg\",\"contentUrl\":\"https:\/\/www.sagesa.com\/wp-content\/uploads\/2024\/02\/logo_sage_rvb.jpg\",\"width\":1784,\"height\":1035,\"caption\":\"SAGE SA\"},\"image\":{\"@id\":\"https:\/\/www.sagesa.com\/fr\/#\/schema\/logo\/image\/\"},\"sameAs\":[\"https:\/\/www.linkedin.com\/company\/sage-sa-portage-salarial-international\"]},{\"@type\":\"Person\",\"@id\":\"https:\/\/www.sagesa.com\/fr\/#\/schema\/person\/6686cd2b01e79fae69f8136f9b88fa8c\",\"name\":\"Dominique Caumes\",\"image\":{\"@type\":\"ImageObject\",\"inLanguage\":\"fr-FR\",\"@id\":\"https:\/\/www.sagesa.com\/fr\/#\/schema\/person\/image\/\",\"url\":\"https:\/\/secure.gravatar.com\/avatar\/2bc7cd6a49b328fbec0fa4c9d2554789bdbe3fe718ad37aed91feb033770ae24?s=96&d=mm&r=g\",\"contentUrl\":\"https:\/\/secure.gravatar.com\/avatar\/2bc7cd6a49b328fbec0fa4c9d2554789bdbe3fe718ad37aed91feb033770ae24?s=96&d=mm&r=g\",\"caption\":\"Dominique Caumes\"}}]}<\/script>\n<!-- \/ Yoast SEO plugin. -->","yoast_head_json":{"title":"Les m\u00e9tiers les plus concern\u00e9s par le portage salarial","description":"Bon nombre d\u2019emplois peuvent \u00eatre concern\u00e9s par le portage salarial, qu\u2019il soit international ou non. Nombres d\u2019ind\u00e9pendants qui pourraient \u00eatre int\u00e9ress\u00e9s ignorent les b\u00e9n\u00e9fices qu\u2019ils peuvent en tirer.","robots":{"index":"index","follow":"follow","max-snippet":"max-snippet:-1","max-image-preview":"max-image-preview:large","max-video-preview":"max-video-preview:-1"},"canonical":"https:\/\/www.sagesa.com\/fr\/les-profils-professionnels-les-plus-repandus-en-portage-salarial\/","og_locale":"fr_FR","og_type":"article","og_title":"Les m\u00e9tiers les plus concern\u00e9s par le portage salarial","og_description":"Bon nombre d\u2019emplois peuvent \u00eatre concern\u00e9s par le portage salarial, qu\u2019il soit international ou non. Nombres d\u2019ind\u00e9pendants qui pourraient \u00eatre int\u00e9ress\u00e9s ignorent les b\u00e9n\u00e9fices qu\u2019ils peuvent en tirer.","og_url":"https:\/\/www.sagesa.com\/fr\/les-profils-professionnels-les-plus-repandus-en-portage-salarial\/","og_site_name":"Sage SA","article_published_time":"2023-12-11T11:17:45+00:00","article_modified_time":"2024-03-20T11:22:38+00:00","og_image":[{"width":2560,"height":1709,"url":"https:\/\/www.sagesa.com\/wp-content\/uploads\/2023\/12\/christina-wocintechchat-com-zFd1L-XtrTE-unsplash-scaled.jpg","type":"image\/jpeg"}],"author":"Dominique Caumes","twitter_card":"summary_large_image","twitter_misc":{"Written by":"Dominique Caumes","Est. reading time":"5 minutes"},"schema":{"@context":"https:\/\/schema.org","@graph":[{"@type":"Article","@id":"https:\/\/www.sagesa.com\/fr\/les-profils-professionnels-les-plus-repandus-en-portage-salarial\/#article","isPartOf":{"@id":"https:\/\/www.sagesa.com\/fr\/les-profils-professionnels-les-plus-repandus-en-portage-salarial\/"},"author":{"name":"Dominique Caumes","@id":"https:\/\/www.sagesa.com\/fr\/#\/schema\/person\/6686cd2b01e79fae69f8136f9b88fa8c"},"headline":"Les profils professionnels les plus r\u00e9pandus en portage salarial","datePublished":"2023-12-11T11:17:45+00:00","dateModified":"2024-03-20T11:22:38+00:00","mainEntityOfPage":{"@id":"https:\/\/www.sagesa.com\/fr\/les-profils-professionnels-les-plus-repandus-en-portage-salarial\/"},"wordCount":1280,"publisher":{"@id":"https:\/\/www.sagesa.com\/fr\/#organization"},"image":{"@id":"https:\/\/www.sagesa.com\/fr\/les-profils-professionnels-les-plus-repandus-en-portage-salarial\/#primaryimage"},"thumbnailUrl":"https:\/\/www.sagesa.com\/wp-content\/uploads\/2023\/12\/christina-wocintechchat-com-zFd1L-XtrTE-unsplash-scaled.jpg","articleSection":["Portage salarial et entreprise","Portage salarial et expert"],"inLanguage":"fr-FR"},{"@type":"WebPage","@id":"https:\/\/www.sagesa.com\/fr\/les-profils-professionnels-les-plus-repandus-en-portage-salarial\/","url":"https:\/\/www.sagesa.com\/fr\/les-profils-professionnels-les-plus-repandus-en-portage-salarial\/","name":"Les m\u00e9tiers les plus concern\u00e9s par le portage salarial","isPartOf":{"@id":"https:\/\/www.sagesa.com\/fr\/#website"},"primaryImageOfPage":{"@id":"https:\/\/www.sagesa.com\/fr\/les-profils-professionnels-les-plus-repandus-en-portage-salarial\/#primaryimage"},"image":{"@id":"https:\/\/www.sagesa.com\/fr\/les-profils-professionnels-les-plus-repandus-en-portage-salarial\/#primaryimage"},"thumbnailUrl":"https:\/\/www.sagesa.com\/wp-content\/uploads\/2023\/12\/christina-wocintechchat-com-zFd1L-XtrTE-unsplash-scaled.jpg","datePublished":"2023-12-11T11:17:45+00:00","dateModified":"2024-03-20T11:22:38+00:00","description":"Bon nombre d\u2019emplois peuvent \u00eatre concern\u00e9s par le portage salarial, qu\u2019il soit international ou non. Nombres d\u2019ind\u00e9pendants qui pourraient \u00eatre int\u00e9ress\u00e9s ignorent les b\u00e9n\u00e9fices qu\u2019ils peuvent en tirer.","breadcrumb":{"@id":"https:\/\/www.sagesa.com\/fr\/les-profils-professionnels-les-plus-repandus-en-portage-salarial\/#breadcrumb"},"inLanguage":"fr-FR","potentialAction":[{"@type":"ReadAction","target":["https:\/\/www.sagesa.com\/fr\/les-profils-professionnels-les-plus-repandus-en-portage-salarial\/"]}]},{"@type":"ImageObject","inLanguage":"fr-FR","@id":"https:\/\/www.sagesa.com\/fr\/les-profils-professionnels-les-plus-repandus-en-portage-salarial\/#primaryimage","url":"https:\/\/www.sagesa.com\/wp-content\/uploads\/2023\/12\/christina-wocintechchat-com-zFd1L-XtrTE-unsplash-scaled.jpg","contentUrl":"https:\/\/www.sagesa.com\/wp-content\/uploads\/2023\/12\/christina-wocintechchat-com-zFd1L-XtrTE-unsplash-scaled.jpg","width":2560,"height":1709,"caption":"Femme en portage salarial international qui regarde un ordinateur"},{"@type":"BreadcrumbList","@id":"https:\/\/www.sagesa.com\/fr\/les-profils-professionnels-les-plus-repandus-en-portage-salarial\/#breadcrumb","itemListElement":[{"@type":"ListItem","position":1,"name":"Accueil","item":"https:\/\/www.sagesa.com\/fr\/"},{"@type":"ListItem","position":2,"name":"Les profils professionnels les plus r\u00e9pandus en portage salarial"}]},{"@type":"WebSite","@id":"https:\/\/www.sagesa.com\/fr\/#website","url":"https:\/\/www.sagesa.com\/fr\/","name":"Sage SA","description":"Un site utilisant WordPress","publisher":{"@id":"https:\/\/www.sagesa.com\/fr\/#organization"},"potentialAction":[{"@type":"SearchAction","target":{"@type":"EntryPoint","urlTemplate":"https:\/\/www.sagesa.com\/fr\/?s={search_term_string}"},"query-input":{"@type":"PropertyValueSpecification","valueRequired":true,"valueName":"search_term_string"}}],"inLanguage":"fr-FR"},{"@type":"Organization","@id":"https:\/\/www.sagesa.com\/fr\/#organization","name":"SAGE SA","url":"https:\/\/www.sagesa.com\/fr\/","logo":{"@type":"ImageObject","inLanguage":"fr-FR","@id":"https:\/\/www.sagesa.com\/fr\/#\/schema\/logo\/image\/","url":"https:\/\/www.sagesa.com\/wp-content\/uploads\/2024\/02\/logo_sage_rvb.jpg","contentUrl":"https:\/\/www.sagesa.com\/wp-content\/uploads\/2024\/02\/logo_sage_rvb.jpg","width":1784,"height":1035,"caption":"SAGE SA"},"image":{"@id":"https:\/\/www.sagesa.com\/fr\/#\/schema\/logo\/image\/"},"sameAs":["https:\/\/www.linkedin.com\/company\/sage-sa-portage-salarial-international"]},{"@type":"Person","@id":"https:\/\/www.sagesa.com\/fr\/#\/schema\/person\/6686cd2b01e79fae69f8136f9b88fa8c","name":"Dominique Caumes","image":{"@type":"ImageObject","inLanguage":"fr-FR","@id":"https:\/\/www.sagesa.com\/fr\/#\/schema\/person\/image\/","url":"https:\/\/secure.gravatar.com\/avatar\/2bc7cd6a49b328fbec0fa4c9d2554789bdbe3fe718ad37aed91feb033770ae24?s=96&d=mm&r=g","contentUrl":"https:\/\/secure.gravatar.com\/avatar\/2bc7cd6a49b328fbec0fa4c9d2554789bdbe3fe718ad37aed91feb033770ae24?s=96&d=mm&r=g","caption":"Dominique Caumes"}}]}},"_links":{"self":[{"href":"https:\/\/www.sagesa.com\/fr\/wp-json\/wp\/v2\/posts\/2994","targetHints":{"allow":["GET"]}}],"collection":[{"href":"https:\/\/www.sagesa.com\/fr\/wp-json\/wp\/v2\/posts"}],"about":[{"href":"https:\/\/www.sagesa.com\/fr\/wp-json\/wp\/v2\/types\/post"}],"author":[{"embeddable":true,"href":"https:\/\/www.sagesa.com\/fr\/wp-json\/wp\/v2\/users\/2"}],"replies":[{"embeddable":true,"href":"https:\/\/www.sagesa.com\/fr\/wp-json\/wp\/v2\/comments?post=2994"}],"version-history":[{"count":0,"href":"https:\/\/www.sagesa.com\/fr\/wp-json\/wp\/v2\/posts\/2994\/revisions"}],"wp:featuredmedia":[{"embeddable":true,"href":"https:\/\/www.sagesa.com\/fr\/wp-json\/wp\/v2\/media\/2996"}],"wp:attachment":[{"href":"https:\/\/www.sagesa.com\/fr\/wp-json\/wp\/v2\/media?parent=2994"}],"wp:term":[{"taxonomy":"category","embeddable":true,"href":"https:\/\/www.sagesa.com\/fr\/wp-json\/wp\/v2\/categories?post=2994"},{"taxonomy":"post_tag","embeddable":true,"href":"https:\/\/www.sagesa.com\/fr\/wp-json\/wp\/v2\/tags?post=2994"}],"curies":[{"name":"wp","href":"https:\/\/api.w.org\/{rel}","templated":true}]}}