{"id":4122,"date":"2025-08-19T11:00:13","date_gmt":"2025-08-19T09:00:13","guid":{"rendered":"https:\/\/www.sagesa.com\/?p=4122"},"modified":"2025-08-19T11:14:00","modified_gmt":"2025-08-19T09:14:00","slug":"julien-francais-expatrie-au-canada-en-portage-salarial-international","status":"publish","type":"post","link":"https:\/\/www.sagesa.com\/fr\/julien-francais-expatrie-au-canada-en-portage-salarial-international\/","title":{"rendered":"T\u00e9moignage : Julien, Consultant It fran\u00e7ais, expatri\u00e9 au canada en portage salarial international"},"content":{"rendered":"<p>Julien, consultant IT <strong>expatri\u00e9 au canada en portage salarial international<\/strong>, souhaitait continuer \u00e0 travailler avec ses clients europ\u00e9ens sans se compliquer la vie avec la fiscalit\u00e9 et l\u2019administratif. Gr\u00e2ce au portage salarial international, il facture facilement, per\u00e7oit un salaire s\u00e9curis\u00e9 et b\u00e9n\u00e9ficie d\u2019une couverture sociale compl\u00e8te. Une solution qui lui apporte \u00e0 la fois libert\u00e9, s\u00e9curit\u00e9 et s\u00e9r\u00e9nit\u00e9.<\/p>\n<h2>SAGE : Bonjour Julien, Pouvez-vous vous pr\u00e9senter et nous partager votre parcours d&rsquo;expatri\u00e9 au canada en portage salarial international en quelques mots<\/h2>\n<p>Bonjour SAGE SA \u2026 \u00a0Je suis <strong>consultant IT<\/strong>.<\/p>\n<p>Pour ceux qui ne connaissent pas cette fonction, je <strong>guide les entreprises \u00e0 travers les m\u00e9andres de la technologie<\/strong>. J\u2019analyse leur besoin et leur propose des solutions avant de les mettre en \u0153uvre ? Il y a 6 ans, avec 2 amis d\u00e9veloppeurs, nous avons d\u00e9cid\u00e9 de <strong>tenter l\u2019aventure au Canada<\/strong> qui offre de belles opportunit\u00e9s de carri\u00e8res IT. Mais<strong> je voulais garder mes clients en France et en Espagne<\/strong>. Clients qui me sollicitent encore \u00e0 ce jour pour des missions. \u00a0Un ami m\u2019a parl\u00e9 du <a href=\"https:\/\/www.sagesa.com\/fr\/le-portage-salarial-international\/\"><strong>portage salarial international<\/strong><\/a> propos\u00e9 par SAGE SA, j\u2019ai appel\u00e9, on m\u2019a tr\u00e8s vite conseill\u00e9 et \u00e7a fait maintenant 6 ans que vous me portez.<\/p>\n<p>&nbsp;<\/p>\n<h2><strong>SAGE\u00a0: Qu\u2019est-ce qui vous a convaincu de travailler avec nous en portage international ?<\/strong><\/h2>\n<p>J\u2019ai tr\u00e8s vite trouv\u00e9 un emploi au Canada, mais je voulais <strong>continuer \u00e0 facturer mes clients europ\u00e9ens<\/strong> sans conserver mon auto-entreprise fran\u00e7aise <strong>ni cr\u00e9er une entreprise<\/strong> au Canada. Je voulais trouver une solution rapide et je craignais de me retrouver bloqu\u00e9 par des d\u00e9marches fiscales et administratives que je ne ma\u00eetrisais pas. Au-del\u00e0 de \u00e7a, je savais que le portage salarial international pourrait me permettre de <strong>continuer \u00e0 cotiser en France<\/strong> en pr\u00e9vision d\u2019un retour.<\/p>\n<p>&nbsp;<\/p>\n<p><img loading=\"lazy\" decoding=\"async\" class=\"aligncenter size-large wp-image-4123\" src=\"https:\/\/www.sagesa.com\/wp-content\/uploads\/2025\/08\/canada-portage-salarial-1024x545.jpg\" alt=\"Portage salarial international et canada\" width=\"1024\" height=\"545\" srcset=\"https:\/\/www.sagesa.com\/wp-content\/uploads\/2025\/08\/canada-portage-salarial-1024x545.jpg 1024w, https:\/\/www.sagesa.com\/wp-content\/uploads\/2025\/08\/canada-portage-salarial-300x160.jpg 300w, https:\/\/www.sagesa.com\/wp-content\/uploads\/2025\/08\/canada-portage-salarial-768x409.jpg 768w, https:\/\/www.sagesa.com\/wp-content\/uploads\/2025\/08\/canada-portage-salarial-1536x817.jpg 1536w, https:\/\/www.sagesa.com\/wp-content\/uploads\/2025\/08\/canada-portage-salarial-1920x1021.jpg 1920w, https:\/\/www.sagesa.com\/wp-content\/uploads\/2025\/08\/canada-portage-salarial-630x335.jpg 630w, https:\/\/www.sagesa.com\/wp-content\/uploads\/2025\/08\/canada-portage-salarial-520x277.jpg 520w, https:\/\/www.sagesa.com\/wp-content\/uploads\/2025\/08\/canada-portage-salarial.jpg 2000w\" sizes=\"auto, (max-width: 1024px) 100vw, 1024px\" \/><\/p>\n<p>&nbsp;<\/p>\n<h2><strong>SAG<\/strong>E\u00a0: Comment avez-vous d\u00e9couvert le portage salarial international ?<\/h2>\n<p>Comme je vous le disait c\u2019est un ami d\u00e9veloppeur qui m\u2019en a parl\u00e9. Il utilisait vos services pour ces missions internationales. La <strong>solution m\u2019a parue simple et s\u00e9curis\u00e9e<\/strong>. C\u2019est une formule qui permet aux <a href=\"https:\/\/www.admissions.fr\/portage-salarial-international\/\">Freelance expatri\u00e9s<\/a> comme moi de continuer \u00e0 travailler avec des clients \u00e0 l\u2019\u00e9tranger sans se soucier de la complexit\u00e9 juridique et administrative.<\/p>\n<p>&nbsp;<\/p>\n<p><a href=\"https:\/\/www.sagesa.com\/fr\/contactez-nous\/\"><img loading=\"lazy\" decoding=\"async\" class=\"aligncenter size-large wp-image-3089\" src=\"https:\/\/www.sagesa.com\/wp-content\/uploads\/2024\/02\/bouton-contact-1024x234.jpg\" alt=\"contacter portage salarial international\" width=\"1024\" height=\"234\" srcset=\"https:\/\/www.sagesa.com\/wp-content\/uploads\/2024\/02\/bouton-contact-1024x234.jpg 1024w, https:\/\/www.sagesa.com\/wp-content\/uploads\/2024\/02\/bouton-contact-300x68.jpg 300w, https:\/\/www.sagesa.com\/wp-content\/uploads\/2024\/02\/bouton-contact-768x175.jpg 768w, https:\/\/www.sagesa.com\/wp-content\/uploads\/2024\/02\/bouton-contact-630x144.jpg 630w, https:\/\/www.sagesa.com\/wp-content\/uploads\/2024\/02\/bouton-contact-520x119.jpg 520w, https:\/\/www.sagesa.com\/wp-content\/uploads\/2024\/02\/bouton-contact.jpg 1100w\" sizes=\"auto, (max-width: 1024px) 100vw, 1024px\" \/><\/a><\/p>\n<h2>SAGE\u00a0: Quels sont les avantages que vous en tirez ?<\/h2>\n<p>\u00c0 vrai dire, les b\u00e9n\u00e9fices sont multiples.<\/p>\n<ul>\n<li>Je peux <strong>facturer facilement<\/strong>.<\/li>\n<li>Je re\u00e7ois mes <strong>revenus sous forme de salaire<\/strong>, ce qui est tr\u00e8s confortable<\/li>\n<li>J\u2019ai une <strong>couverture sociale solide et internationale<\/strong>, quel que soit mon pays d\u2019expatriation. Il y a trois ans, j\u2019ai fait une mission de 3 mois et demi \u00e0 l\u2019\u00eele Maurice, et ma couverture sociale fonctionnait aussi l\u00e0-bas.<\/li>\n<li>Et \u00e9videmment,<strong> je n\u2019ai plus \u00e0 g\u00e9rer la partie administrative<\/strong> : contrat, facturation, versement de mon salaire, cotisations\u2026. C\u2019est votre \u00e9quipe qui s\u2019occupe de tout pour moi, et c\u2019est un grand soulagement. Je peux me concentrer \u00e0 100 % sur mes missions et mes clients, sans perdre du temps ni de l\u2019\u00e9nergie dans des formalit\u00e9s.<\/li>\n<\/ul>\n<h2>SAGE\u00a0: Pour quel genre d\u2019entreprise travaillez-vous au Canada et en Europe ?<\/h2>\n<p>Au Canada, je travaille pour une plate-forme sp\u00e9cialis\u00e9e dans l\u2019achat et la vente de Bitcoin. En France j\u2019assure des d\u00e9veloppements Front End pour une agence Web. En mon client espagnol est une startup pour laquelle j\u2019assure des fonctions occasionnelles de conseil aupr\u00e8s de la direction.<\/p>\n<p>&nbsp;<\/p>\n<p><a href=\"https:\/\/www.sagesa.com\/fr\/decouvrez-notre-livre-blanc-sur-le-teletravail-international\/\"><img loading=\"lazy\" decoding=\"async\" class=\"aligncenter size-large wp-image-3730\" src=\"https:\/\/www.sagesa.com\/wp-content\/uploads\/2025\/01\/livre-blanc-portage-salarial-international-1024x256.jpg\" alt=\"LIvre blanc portage salarial international\" width=\"1024\" height=\"256\" srcset=\"https:\/\/www.sagesa.com\/wp-content\/uploads\/2025\/01\/livre-blanc-portage-salarial-international-1024x256.jpg 1024w, https:\/\/www.sagesa.com\/wp-content\/uploads\/2025\/01\/livre-blanc-portage-salarial-international-300x75.jpg 300w, https:\/\/www.sagesa.com\/wp-content\/uploads\/2025\/01\/livre-blanc-portage-salarial-international-768x192.jpg 768w, https:\/\/www.sagesa.com\/wp-content\/uploads\/2025\/01\/livre-blanc-portage-salarial-international-630x158.jpg 630w, https:\/\/www.sagesa.com\/wp-content\/uploads\/2025\/01\/livre-blanc-portage-salarial-international-520x130.jpg 520w, https:\/\/www.sagesa.com\/wp-content\/uploads\/2025\/01\/livre-blanc-portage-salarial-international.jpg 1103w\" sizes=\"auto, (max-width: 1024px) 100vw, 1024px\" \/><\/a><\/p>\n<h2><strong>SAGE\u00a0: Recommanderiez-vous le portage salarial international \u00e0 d\u2019autres consultants ?<\/strong><\/h2>\n<p>Absolument. Pour un Freelance ou consultant expatri\u00e9 qui souhaite travailler avec des clients \u00e0 l\u2019international, c\u2019est <strong>une solution id\u00e9ale<\/strong>. Et l\u2019\u00e9quipe est au top, r\u00e9active et toujours dispos\u00e9e \u00e0 nous conseiller sur des cas plus compliqu\u00e9s. C\u2019est aussi un r\u00e9confort quand on est ind\u00e9pendant.<\/p>\n","protected":false},"excerpt":{"rendered":"<p>Julien, consultant IT expatri\u00e9 au Canada, souhaitait continuer \u00e0 travailler avec ses clients europ\u00e9ens sans se compliquer la vie avec la fiscalit\u00e9 et l\u2019administratif. Gr\u00e2ce au portage salarial international, il facture facilement, per\u00e7oit un salaire s\u00e9curis\u00e9 et b\u00e9n\u00e9ficie d\u2019une couverture sociale compl\u00e8te. Une solution qui lui apporte \u00e0 la fois libert\u00e9, s\u00e9curit\u00e9 et s\u00e9r\u00e9nit\u00e9.<\/p>\n","protected":false},"author":2,"featured_media":4125,"comment_status":"closed","ping_status":"closed","sticky":false,"template":"","format":"standard","meta":{"footnotes":""},"categories":[25,88],"tags":[],"class_list":["post-4122","post","type-post","status-publish","format-standard","has-post-thumbnail","hentry","category-portage-salarial-et-expert","category-portage-salarial-international"],"yoast_head":"<!-- This site is optimized with the Yoast SEO plugin v25.2 - https:\/\/yoast.com\/wordpress\/plugins\/seo\/ -->\n<title>T\u00e9moignage : Julien, Consultant It fran\u00e7ais, expatri\u00e9 au canada en portage salarial international Portage salarial et expert Sage SA<\/title>\n<meta name=\"description\" content=\"Julien Expatri\u00e9 au canada en portage salarial international t\u00e9moigne de son exp\u00e9rience d&#039;expatriation au Canada\" \/>\n<meta name=\"robots\" content=\"index, follow, max-snippet:-1, max-image-preview:large, max-video-preview:-1\" \/>\n<link rel=\"canonical\" href=\"https:\/\/www.sagesa.com\/fr\/julien-francais-expatrie-au-canada-en-portage-salarial-international\/\" \/>\n<meta property=\"og:locale\" content=\"fr_FR\" \/>\n<meta property=\"og:type\" content=\"article\" \/>\n<meta property=\"og:title\" content=\"T\u00e9moignage : Julien, Consultant It fran\u00e7ais, expatri\u00e9 au canada en portage salarial international Portage salarial et expert Sage SA\" \/>\n<meta property=\"og:description\" content=\"Julien Expatri\u00e9 au canada en portage salarial international t\u00e9moigne de son exp\u00e9rience d&#039;expatriation au Canada\" \/>\n<meta property=\"og:url\" content=\"https:\/\/www.sagesa.com\/fr\/julien-francais-expatrie-au-canada-en-portage-salarial-international\/\" \/>\n<meta property=\"og:site_name\" content=\"Sage SA\" \/>\n<meta property=\"article:published_time\" content=\"2025-08-19T09:00:13+00:00\" \/>\n<meta property=\"article:modified_time\" content=\"2025-08-19T09:14:00+00:00\" \/>\n<meta property=\"og:image\" content=\"https:\/\/www.sagesa.com\/wp-content\/uploads\/2025\/08\/consultant-it-canada-portage-salarial.jpg\" \/>\n\t<meta property=\"og:image:width\" content=\"2000\" \/>\n\t<meta property=\"og:image:height\" content=\"1303\" \/>\n\t<meta property=\"og:image:type\" content=\"image\/jpeg\" \/>\n<meta name=\"author\" content=\"Dominique Caumes\" \/>\n<meta name=\"twitter:card\" content=\"summary_large_image\" \/>\n<meta name=\"twitter:label1\" content=\"Written by\" \/>\n\t<meta name=\"twitter:data1\" content=\"Dominique Caumes\" \/>\n\t<meta name=\"twitter:label2\" content=\"Est. reading time\" \/>\n\t<meta name=\"twitter:data2\" content=\"4 minutes\" \/>\n<script type=\"application\/ld+json\" class=\"yoast-schema-graph\">{\"@context\":\"https:\/\/schema.org\",\"@graph\":[{\"@type\":\"Article\",\"@id\":\"https:\/\/www.sagesa.com\/fr\/julien-francais-expatrie-au-canada-en-portage-salarial-international\/#article\",\"isPartOf\":{\"@id\":\"https:\/\/www.sagesa.com\/fr\/julien-francais-expatrie-au-canada-en-portage-salarial-international\/\"},\"author\":{\"name\":\"Dominique Caumes\",\"@id\":\"https:\/\/www.sagesa.com\/fr\/#\/schema\/person\/6686cd2b01e79fae69f8136f9b88fa8c\"},\"headline\":\"T\u00e9moignage : Julien, Consultant It fran\u00e7ais, expatri\u00e9 au canada en portage salarial international\",\"datePublished\":\"2025-08-19T09:00:13+00:00\",\"dateModified\":\"2025-08-19T09:14:00+00:00\",\"mainEntityOfPage\":{\"@id\":\"https:\/\/www.sagesa.com\/fr\/julien-francais-expatrie-au-canada-en-portage-salarial-international\/\"},\"wordCount\":657,\"publisher\":{\"@id\":\"https:\/\/www.sagesa.com\/fr\/#organization\"},\"image\":{\"@id\":\"https:\/\/www.sagesa.com\/fr\/julien-francais-expatrie-au-canada-en-portage-salarial-international\/#primaryimage\"},\"thumbnailUrl\":\"https:\/\/www.sagesa.com\/wp-content\/uploads\/2025\/08\/consultant-it-canada-portage-salarial.jpg\",\"articleSection\":[\"Portage salarial et expert\",\"Portage salarial international\"],\"inLanguage\":\"fr-FR\"},{\"@type\":\"WebPage\",\"@id\":\"https:\/\/www.sagesa.com\/fr\/julien-francais-expatrie-au-canada-en-portage-salarial-international\/\",\"url\":\"https:\/\/www.sagesa.com\/fr\/julien-francais-expatrie-au-canada-en-portage-salarial-international\/\",\"name\":\"T\u00e9moignage : Julien, Consultant It fran\u00e7ais, expatri\u00e9 au canada en portage salarial international Portage salarial et expert Sage SA\",\"isPartOf\":{\"@id\":\"https:\/\/www.sagesa.com\/fr\/#website\"},\"primaryImageOfPage\":{\"@id\":\"https:\/\/www.sagesa.com\/fr\/julien-francais-expatrie-au-canada-en-portage-salarial-international\/#primaryimage\"},\"image\":{\"@id\":\"https:\/\/www.sagesa.com\/fr\/julien-francais-expatrie-au-canada-en-portage-salarial-international\/#primaryimage\"},\"thumbnailUrl\":\"https:\/\/www.sagesa.com\/wp-content\/uploads\/2025\/08\/consultant-it-canada-portage-salarial.jpg\",\"datePublished\":\"2025-08-19T09:00:13+00:00\",\"dateModified\":\"2025-08-19T09:14:00+00:00\",\"description\":\"Julien Expatri\u00e9 au canada en portage salarial international t\u00e9moigne de son exp\u00e9rience d'expatriation au Canada\",\"breadcrumb\":{\"@id\":\"https:\/\/www.sagesa.com\/fr\/julien-francais-expatrie-au-canada-en-portage-salarial-international\/#breadcrumb\"},\"inLanguage\":\"fr-FR\",\"potentialAction\":[{\"@type\":\"ReadAction\",\"target\":[\"https:\/\/www.sagesa.com\/fr\/julien-francais-expatrie-au-canada-en-portage-salarial-international\/\"]}]},{\"@type\":\"ImageObject\",\"inLanguage\":\"fr-FR\",\"@id\":\"https:\/\/www.sagesa.com\/fr\/julien-francais-expatrie-au-canada-en-portage-salarial-international\/#primaryimage\",\"url\":\"https:\/\/www.sagesa.com\/wp-content\/uploads\/2025\/08\/consultant-it-canada-portage-salarial.jpg\",\"contentUrl\":\"https:\/\/www.sagesa.com\/wp-content\/uploads\/2025\/08\/consultant-it-canada-portage-salarial.jpg\",\"width\":2000,\"height\":1303,\"caption\":\"Julien, consultant IT au canada en portage salarial international\"},{\"@type\":\"BreadcrumbList\",\"@id\":\"https:\/\/www.sagesa.com\/fr\/julien-francais-expatrie-au-canada-en-portage-salarial-international\/#breadcrumb\",\"itemListElement\":[{\"@type\":\"ListItem\",\"position\":1,\"name\":\"Accueil\",\"item\":\"https:\/\/www.sagesa.com\/fr\/\"},{\"@type\":\"ListItem\",\"position\":2,\"name\":\"T\u00e9moignage : Julien, Consultant It fran\u00e7ais, expatri\u00e9 au canada en portage salarial international\"}]},{\"@type\":\"WebSite\",\"@id\":\"https:\/\/www.sagesa.com\/fr\/#website\",\"url\":\"https:\/\/www.sagesa.com\/fr\/\",\"name\":\"Sage SA\",\"description\":\"Un site utilisant WordPress\",\"publisher\":{\"@id\":\"https:\/\/www.sagesa.com\/fr\/#organization\"},\"potentialAction\":[{\"@type\":\"SearchAction\",\"target\":{\"@type\":\"EntryPoint\",\"urlTemplate\":\"https:\/\/www.sagesa.com\/fr\/?s={search_term_string}\"},\"query-input\":{\"@type\":\"PropertyValueSpecification\",\"valueRequired\":true,\"valueName\":\"search_term_string\"}}],\"inLanguage\":\"fr-FR\"},{\"@type\":\"Organization\",\"@id\":\"https:\/\/www.sagesa.com\/fr\/#organization\",\"name\":\"SAGE SA\",\"url\":\"https:\/\/www.sagesa.com\/fr\/\",\"logo\":{\"@type\":\"ImageObject\",\"inLanguage\":\"fr-FR\",\"@id\":\"https:\/\/www.sagesa.com\/fr\/#\/schema\/logo\/image\/\",\"url\":\"https:\/\/www.sagesa.com\/wp-content\/uploads\/2024\/02\/logo_sage_rvb.jpg\",\"contentUrl\":\"https:\/\/www.sagesa.com\/wp-content\/uploads\/2024\/02\/logo_sage_rvb.jpg\",\"width\":1784,\"height\":1035,\"caption\":\"SAGE SA\"},\"image\":{\"@id\":\"https:\/\/www.sagesa.com\/fr\/#\/schema\/logo\/image\/\"},\"sameAs\":[\"https:\/\/www.linkedin.com\/company\/sage-sa-portage-salarial-international\"]},{\"@type\":\"Person\",\"@id\":\"https:\/\/www.sagesa.com\/fr\/#\/schema\/person\/6686cd2b01e79fae69f8136f9b88fa8c\",\"name\":\"Dominique Caumes\",\"image\":{\"@type\":\"ImageObject\",\"inLanguage\":\"fr-FR\",\"@id\":\"https:\/\/www.sagesa.com\/fr\/#\/schema\/person\/image\/\",\"url\":\"https:\/\/secure.gravatar.com\/avatar\/2bc7cd6a49b328fbec0fa4c9d2554789bdbe3fe718ad37aed91feb033770ae24?s=96&d=mm&r=g\",\"contentUrl\":\"https:\/\/secure.gravatar.com\/avatar\/2bc7cd6a49b328fbec0fa4c9d2554789bdbe3fe718ad37aed91feb033770ae24?s=96&d=mm&r=g\",\"caption\":\"Dominique Caumes\"}}]}<\/script>\n<!-- \/ Yoast SEO plugin. -->","yoast_head_json":{"title":"T\u00e9moignage : Julien, Consultant It fran\u00e7ais, expatri\u00e9 au canada en portage salarial international Portage salarial et expert Sage SA","description":"Julien Expatri\u00e9 au canada en portage salarial international t\u00e9moigne de son exp\u00e9rience d'expatriation au Canada","robots":{"index":"index","follow":"follow","max-snippet":"max-snippet:-1","max-image-preview":"max-image-preview:large","max-video-preview":"max-video-preview:-1"},"canonical":"https:\/\/www.sagesa.com\/fr\/julien-francais-expatrie-au-canada-en-portage-salarial-international\/","og_locale":"fr_FR","og_type":"article","og_title":"T\u00e9moignage : Julien, Consultant It fran\u00e7ais, expatri\u00e9 au canada en portage salarial international Portage salarial et expert Sage SA","og_description":"Julien Expatri\u00e9 au canada en portage salarial international t\u00e9moigne de son exp\u00e9rience d'expatriation au Canada","og_url":"https:\/\/www.sagesa.com\/fr\/julien-francais-expatrie-au-canada-en-portage-salarial-international\/","og_site_name":"Sage SA","article_published_time":"2025-08-19T09:00:13+00:00","article_modified_time":"2025-08-19T09:14:00+00:00","og_image":[{"width":2000,"height":1303,"url":"https:\/\/www.sagesa.com\/wp-content\/uploads\/2025\/08\/consultant-it-canada-portage-salarial.jpg","type":"image\/jpeg"}],"author":"Dominique Caumes","twitter_card":"summary_large_image","twitter_misc":{"Written by":"Dominique Caumes","Est. reading time":"4 minutes"},"schema":{"@context":"https:\/\/schema.org","@graph":[{"@type":"Article","@id":"https:\/\/www.sagesa.com\/fr\/julien-francais-expatrie-au-canada-en-portage-salarial-international\/#article","isPartOf":{"@id":"https:\/\/www.sagesa.com\/fr\/julien-francais-expatrie-au-canada-en-portage-salarial-international\/"},"author":{"name":"Dominique Caumes","@id":"https:\/\/www.sagesa.com\/fr\/#\/schema\/person\/6686cd2b01e79fae69f8136f9b88fa8c"},"headline":"T\u00e9moignage : Julien, Consultant It fran\u00e7ais, expatri\u00e9 au canada en portage salarial international","datePublished":"2025-08-19T09:00:13+00:00","dateModified":"2025-08-19T09:14:00+00:00","mainEntityOfPage":{"@id":"https:\/\/www.sagesa.com\/fr\/julien-francais-expatrie-au-canada-en-portage-salarial-international\/"},"wordCount":657,"publisher":{"@id":"https:\/\/www.sagesa.com\/fr\/#organization"},"image":{"@id":"https:\/\/www.sagesa.com\/fr\/julien-francais-expatrie-au-canada-en-portage-salarial-international\/#primaryimage"},"thumbnailUrl":"https:\/\/www.sagesa.com\/wp-content\/uploads\/2025\/08\/consultant-it-canada-portage-salarial.jpg","articleSection":["Portage salarial et expert","Portage salarial international"],"inLanguage":"fr-FR"},{"@type":"WebPage","@id":"https:\/\/www.sagesa.com\/fr\/julien-francais-expatrie-au-canada-en-portage-salarial-international\/","url":"https:\/\/www.sagesa.com\/fr\/julien-francais-expatrie-au-canada-en-portage-salarial-international\/","name":"T\u00e9moignage : Julien, Consultant It fran\u00e7ais, expatri\u00e9 au canada en portage salarial international Portage salarial et expert Sage SA","isPartOf":{"@id":"https:\/\/www.sagesa.com\/fr\/#website"},"primaryImageOfPage":{"@id":"https:\/\/www.sagesa.com\/fr\/julien-francais-expatrie-au-canada-en-portage-salarial-international\/#primaryimage"},"image":{"@id":"https:\/\/www.sagesa.com\/fr\/julien-francais-expatrie-au-canada-en-portage-salarial-international\/#primaryimage"},"thumbnailUrl":"https:\/\/www.sagesa.com\/wp-content\/uploads\/2025\/08\/consultant-it-canada-portage-salarial.jpg","datePublished":"2025-08-19T09:00:13+00:00","dateModified":"2025-08-19T09:14:00+00:00","description":"Julien Expatri\u00e9 au canada en portage salarial international t\u00e9moigne de son exp\u00e9rience d'expatriation au Canada","breadcrumb":{"@id":"https:\/\/www.sagesa.com\/fr\/julien-francais-expatrie-au-canada-en-portage-salarial-international\/#breadcrumb"},"inLanguage":"fr-FR","potentialAction":[{"@type":"ReadAction","target":["https:\/\/www.sagesa.com\/fr\/julien-francais-expatrie-au-canada-en-portage-salarial-international\/"]}]},{"@type":"ImageObject","inLanguage":"fr-FR","@id":"https:\/\/www.sagesa.com\/fr\/julien-francais-expatrie-au-canada-en-portage-salarial-international\/#primaryimage","url":"https:\/\/www.sagesa.com\/wp-content\/uploads\/2025\/08\/consultant-it-canada-portage-salarial.jpg","contentUrl":"https:\/\/www.sagesa.com\/wp-content\/uploads\/2025\/08\/consultant-it-canada-portage-salarial.jpg","width":2000,"height":1303,"caption":"Julien, consultant IT au canada en portage salarial international"},{"@type":"BreadcrumbList","@id":"https:\/\/www.sagesa.com\/fr\/julien-francais-expatrie-au-canada-en-portage-salarial-international\/#breadcrumb","itemListElement":[{"@type":"ListItem","position":1,"name":"Accueil","item":"https:\/\/www.sagesa.com\/fr\/"},{"@type":"ListItem","position":2,"name":"T\u00e9moignage : Julien, Consultant It fran\u00e7ais, expatri\u00e9 au canada en portage salarial international"}]},{"@type":"WebSite","@id":"https:\/\/www.sagesa.com\/fr\/#website","url":"https:\/\/www.sagesa.com\/fr\/","name":"Sage SA","description":"Un site utilisant WordPress","publisher":{"@id":"https:\/\/www.sagesa.com\/fr\/#organization"},"potentialAction":[{"@type":"SearchAction","target":{"@type":"EntryPoint","urlTemplate":"https:\/\/www.sagesa.com\/fr\/?s={search_term_string}"},"query-input":{"@type":"PropertyValueSpecification","valueRequired":true,"valueName":"search_term_string"}}],"inLanguage":"fr-FR"},{"@type":"Organization","@id":"https:\/\/www.sagesa.com\/fr\/#organization","name":"SAGE SA","url":"https:\/\/www.sagesa.com\/fr\/","logo":{"@type":"ImageObject","inLanguage":"fr-FR","@id":"https:\/\/www.sagesa.com\/fr\/#\/schema\/logo\/image\/","url":"https:\/\/www.sagesa.com\/wp-content\/uploads\/2024\/02\/logo_sage_rvb.jpg","contentUrl":"https:\/\/www.sagesa.com\/wp-content\/uploads\/2024\/02\/logo_sage_rvb.jpg","width":1784,"height":1035,"caption":"SAGE SA"},"image":{"@id":"https:\/\/www.sagesa.com\/fr\/#\/schema\/logo\/image\/"},"sameAs":["https:\/\/www.linkedin.com\/company\/sage-sa-portage-salarial-international"]},{"@type":"Person","@id":"https:\/\/www.sagesa.com\/fr\/#\/schema\/person\/6686cd2b01e79fae69f8136f9b88fa8c","name":"Dominique Caumes","image":{"@type":"ImageObject","inLanguage":"fr-FR","@id":"https:\/\/www.sagesa.com\/fr\/#\/schema\/person\/image\/","url":"https:\/\/secure.gravatar.com\/avatar\/2bc7cd6a49b328fbec0fa4c9d2554789bdbe3fe718ad37aed91feb033770ae24?s=96&d=mm&r=g","contentUrl":"https:\/\/secure.gravatar.com\/avatar\/2bc7cd6a49b328fbec0fa4c9d2554789bdbe3fe718ad37aed91feb033770ae24?s=96&d=mm&r=g","caption":"Dominique Caumes"}}]}},"_links":{"self":[{"href":"https:\/\/www.sagesa.com\/fr\/wp-json\/wp\/v2\/posts\/4122","targetHints":{"allow":["GET"]}}],"collection":[{"href":"https:\/\/www.sagesa.com\/fr\/wp-json\/wp\/v2\/posts"}],"about":[{"href":"https:\/\/www.sagesa.com\/fr\/wp-json\/wp\/v2\/types\/post"}],"author":[{"embeddable":true,"href":"https:\/\/www.sagesa.com\/fr\/wp-json\/wp\/v2\/users\/2"}],"replies":[{"embeddable":true,"href":"https:\/\/www.sagesa.com\/fr\/wp-json\/wp\/v2\/comments?post=4122"}],"version-history":[{"count":0,"href":"https:\/\/www.sagesa.com\/fr\/wp-json\/wp\/v2\/posts\/4122\/revisions"}],"wp:featuredmedia":[{"embeddable":true,"href":"https:\/\/www.sagesa.com\/fr\/wp-json\/wp\/v2\/media\/4125"}],"wp:attachment":[{"href":"https:\/\/www.sagesa.com\/fr\/wp-json\/wp\/v2\/media?parent=4122"}],"wp:term":[{"taxonomy":"category","embeddable":true,"href":"https:\/\/www.sagesa.com\/fr\/wp-json\/wp\/v2\/categories?post=4122"},{"taxonomy":"post_tag","embeddable":true,"href":"https:\/\/www.sagesa.com\/fr\/wp-json\/wp\/v2\/tags?post=4122"}],"curies":[{"name":"wp","href":"https:\/\/api.w.org\/{rel}","templated":true}]}}